{"id":1769,"date":"2024-12-02T19:32:32","date_gmt":"2024-12-02T19:32:32","guid":{"rendered":"https:\/\/www.administracionpublica.utalca.cl\/?p=1769"},"modified":"2024-12-02T19:32:32","modified_gmt":"2024-12-02T19:32:32","slug":"estudiante-y-exalumna-de-ap-participaron-del-3-congreso-estudiantil-tu-voz-contra-la-corrupcion-cuenta","status":"publish","type":"post","link":"https:\/\/www.administracionpublica.utalca.cl\/?p=1769","title":{"rendered":"Estudiante y exalumna de AP participaron del 3\u00b0 Congreso Estudiantil \u00abTu Voz Contra la Corrupci\u00f3n Cuenta\u00bb"},"content":{"rendered":"<p><span data-contrast=\"none\">La estudiante y exalumna de la Escuela de Ciencia Pol\u00edtica y Administraci\u00f3n P\u00fablica, Campus Talca, Martina Alarc\u00f3n Salvatierra y Andrea Riquelme Mi\u00f1o, participaron en el 3\u00b0 Congreso Estudiantil \u00abTu Voz Contra la Corrupci\u00f3n Cuenta\u00bb el cual se desarroll\u00f3 en la Universidad de Valpara\u00edso durante el 20 y 21 de noviembre. <\/span><\/p>\n<p><span data-contrast=\"none\">Se trata de una iniciativa organizada por la casa de estudios anfitriona y la Alianza Anticorrupci\u00f3n UNCAC en donde participaron estudiantes de pre y postgrado, acad\u00e9micos y expertos en el \u00e1rea. <\/span><\/p>\n<p><span data-contrast=\"none\">En esta oportunidad, ambas representantes de la Facultad de Ciencias Jur\u00eddicas y Sociales de la Universidad de Talca, expusieron sobre \u201cEl Ecosistema de la Corrupci\u00f3n Municipal en Chile: Dilemas \u00c9ticos, Pol\u00edticos y Judiciales\u00bb, trabajo que fue premiado en la categor\u00eda \u00abMejor Ensayo\u00bb, por lo que ser\u00e1 publicado en la Revista Chilena de la Administraci\u00f3n del Estado.<\/span><span data-ccp-props=\"{&quot;134233117&quot;:false,&quot;134233118&quot;:false,&quot;335551550&quot;:6,&quot;335551620&quot;:6,&quot;335557856&quot;:16777215,&quot;335559738&quot;:0,&quot;335559739&quot;:0}\">\u00a0<\/span><\/p>\n<p><span data-contrast=\"none\">El trabajo aborda las din\u00e1micas de corrupci\u00f3n municipal en Chile, explorando factores como el clientelismo, la eficiencia percibida y la afinidad ideol\u00f3gica. Tambi\u00e9n analiza los desaf\u00edos del sistema judicial frente a casos de corrupci\u00f3n y propone recomendaciones para fortalecer los mecanismos institucionales y el rol fiscalizador de los concejales a nivel local.<\/span><span data-ccp-props=\"{&quot;134233117&quot;:false,&quot;134233118&quot;:false,&quot;335551550&quot;:6,&quot;335551620&quot;:6,&quot;335557856&quot;:16777215,&quot;335559738&quot;:0,&quot;335559739&quot;:0}\">\u00a0<\/span><\/p>\n<p><span data-contrast=\"none\">Al respecto, Martina Alarc\u00f3n expres\u00f3 que durante esta instancia pudo \u201ccompartir y debatir con otros participantes de diversas disciplinas, lo que me permiti\u00f3 ver la lucha contra la corrupci\u00f3n desde diferentes perspectivas. Esta experiencia contribuy\u00f3 de manera significativa a mi formaci\u00f3n, reafirmando mi compromiso con la funci\u00f3n p\u00fablica y la probidad\u201d.<\/span><\/p>\n<p><span data-contrast=\"none\">Por otro lado, Andrea Riquelme, quien es adem\u00e1s en la actualidad la Coordinadora de Vinculaci\u00f3n con el Medio de la Escuela, se\u00f1al\u00f3 que se alegra por Martina, \u201cquien ha demostrado un gran compromiso con la investigaci\u00f3n y la reflexi\u00f3n acad\u00e9mica. Este reconocimiento valida su dedicaci\u00f3n y marca un hito importante en su formaci\u00f3n profesional. Estoy segura de que ser\u00e1 un impulso significativo para su carrera y un ejemplo inspirador para otros estudiantes\u201d. <\/span><span data-ccp-props=\"{&quot;134233117&quot;:false,&quot;134233118&quot;:false,&quot;335551550&quot;:6,&quot;335551620&quot;:6,&quot;335557856&quot;:16777215,&quot;335559738&quot;:0,&quot;335559739&quot;:0}\">\u00a0<\/span><\/p>\n<p><span data-ccp-props=\"{&quot;134233117&quot;:false,&quot;134233118&quot;:false,&quot;335551550&quot;:0,&quot;335551620&quot;:0,&quot;335557856&quot;:16777215,&quot;335559738&quot;:0,&quot;335559739&quot;:0}\">\u00a0<\/span><\/p>\n","protected":false},"excerpt":{"rendered":"<p>La estudiante y exalumna de la Escuela de Ciencia Pol\u00edtica y Administraci\u00f3n P\u00fablica, Campus Talca, Martina Alarc\u00f3n Salvatierra y Andrea Riquelme Mi\u00f1o, participaron en el 3\u00b0 Congreso Estudiantil \u00abTu Voz Contra la Corrupci\u00f3n Cuenta\u00bb el cual se desarroll\u00f3 en la Universidad de Valpara\u00edso durante el 20 y 21 de noviembre. Se trata de una iniciativa [&hellip;]<\/p>\n","protected":false},"author":2,"featured_media":1770,"comment_status":"open","ping_status":"open","sticky":false,"template":"","format":"standard","meta":[],"categories":[4],"tags":[],"_links":{"self":[{"href":"https:\/\/www.administracionpublica.utalca.cl\/index.php?rest_route=\/wp\/v2\/posts\/1769"}],"collection":[{"href":"https:\/\/www.administracionpublica.utalca.cl\/index.php?rest_route=\/wp\/v2\/posts"}],"about":[{"href":"https:\/\/www.administracionpublica.utalca.cl\/index.php?rest_route=\/wp\/v2\/types\/post"}],"author":[{"embeddable":true,"href":"https:\/\/www.administracionpublica.utalca.cl\/index.php?rest_route=\/wp\/v2\/users\/2"}],"replies":[{"embeddable":true,"href":"https:\/\/www.administracionpublica.utalca.cl\/index.php?rest_route=%2Fwp%2Fv2%2Fcomments&post=1769"}],"version-history":[{"count":1,"href":"https:\/\/www.administracionpublica.utalca.cl\/index.php?rest_route=\/wp\/v2\/posts\/1769\/revisions"}],"predecessor-version":[{"id":1771,"href":"https:\/\/www.administracionpublica.utalca.cl\/index.php?rest_route=\/wp\/v2\/posts\/1769\/revisions\/1771"}],"wp:featuredmedia":[{"embeddable":true,"href":"https:\/\/www.administracionpublica.utalca.cl\/index.php?rest_route=\/wp\/v2\/media\/1770"}],"wp:attachment":[{"href":"https:\/\/www.administracionpublica.utalca.cl\/index.php?rest_route=%2Fwp%2Fv2%2Fmedia&parent=1769"}],"wp:term":[{"taxonomy":"category","embeddable":true,"href":"https:\/\/www.administracionpublica.utalca.cl\/index.php?rest_route=%2Fwp%2Fv2%2Fcategories&post=1769"},{"taxonomy":"post_tag","embeddable":true,"href":"https:\/\/www.administracionpublica.utalca.cl\/index.php?rest_route=%2Fwp%2Fv2%2Ftags&post=1769"}],"curies":[{"name":"wp","href":"https:\/\/api.w.org\/{rel}","templated":true}]}}