{"id":1779,"date":"2024-12-06T14:47:52","date_gmt":"2024-12-06T14:47:52","guid":{"rendered":"https:\/\/www.administracionpublica.utalca.cl\/?p=1779"},"modified":"2024-12-06T14:47:52","modified_gmt":"2024-12-06T14:47:52","slug":"conferencia-por-el-dia-del-administrador-a-publico-a-abordo-los-costos-que-deben-asumir-las-personas-al-interactuar-con-el-estado","status":"publish","type":"post","link":"https:\/\/www.administracionpublica.utalca.cl\/?p=1779","title":{"rendered":"Conferencia por el D\u00eda del Administrador\/a P\u00fablico\/a abord\u00f3 los costos que deben asumir las personas al interactuar con el Estado"},"content":{"rendered":"<p>\u201cEncuentro burocr\u00e1tico y carga administrativa: los costos que las personas deben asumir en su interacci\u00f3n con el Estado\u201d, llev\u00f3 por t\u00edtulo la conferencia que lider\u00f3 la Administradora P\u00fablica y Profesora Asociada de la Facultad de Ciencias Jur\u00eddicas y Sociales de la Universidad de Concepci\u00f3n, Waleska Mu\u00f1oz Aravena, en el marco del D\u00eda del Administrador\/a P\u00fablico\/a.<\/p>\n<p>Respecto a la celebraci\u00f3n de este d\u00eda por parte de la comunidad de la Escuela de Ciencia Pol\u00edtica y Administraci\u00f3n P\u00fablica, Campus Talca, de la Facultad de Ciencias Jur\u00eddicas y Sociales de la Universidad de Talca, el Decano, Iv\u00e1n Obando Camino, se\u00f1al\u00f3 que la tem\u00e1tica abordada por la profesora \u201cnos obliga a repensar las cargas administrativas que se imponen a las personas del p\u00fablico para acceder a los beneficios y tramites que debe realizar el Estado en su favor, por lo tanto esta conferencia nos permiti\u00f3 repensar nuestra relaci\u00f3n con la sociedad\u201d.<\/p>\n<p>Por su parte, la profesora explic\u00f3 que durante su conferencia se refiri\u00f3 a \u201cla interacci\u00f3n que existe entre el ciudadano y el Estado cuando este quiere acceder a distintas prestaciones, y centrada en aquello, la l\u00ednea de trabajo que se ha estudiado el \u00faltimo tiempo tiene relaci\u00f3n con la carga administrativa, es decir, los costos que significan para las personas esa interacci\u00f3n con el Estado. Entonces la idea es que los funcionarios tengan claro qu\u00e9 costos pueden llegar a generar en las personas, los cuales pueden ser tan altos que ellas no quieran seguir interactuando con nosotros\u201d.<\/p>\n<p>Finalmente, el Director de la Escuela, Fernando Soto Ram\u00edrez, expres\u00f3 que durante este d\u00eda quisieron reconocer la labor de las y los administradores p\u00fablicos en el pa\u00eds, \u201cpor eso invitamos a esta instancia a estudiantes, exalumnos y acad\u00e9micos quienes escucharon las reflexiones de la invitada respecto a los costos que tienen que soportar los ciudadanos en su relaci\u00f3n con la administraci\u00f3n\u201d.<\/p>\n<p><strong>Reconocimientos<\/strong><\/p>\n<p>Cabe se\u00f1alar que, durante esta celebraci\u00f3n tambi\u00e9n se reconoci\u00f3 la participaci\u00f3n de los estudiantes de la carrera en distintas actividades a lo largo del a\u00f1o, como a quienes apoyaron en actividades de admisi\u00f3n, entre ellos, Macarena Parada, Constanza Silva, Miguel Cancino, Kener Bueno y Diego Calder\u00f3n.<\/p>\n<p>A quienes participaron como mentores en el desaf\u00edo SocialHack, una innovadora hackat\u00f3n de ciencias sociales que convoc\u00f3 a estudiantes de ense\u00f1anza media para proponer soluciones creativas a desaf\u00edos sociales: Claudio Morales, Martina Alarc\u00f3n, Emilia Quijada, Valentina Molina, Rodrigo Vargas, Diego Calder\u00f3n y Sof\u00eda Fuentes.<\/p>\n<p>Tambi\u00e9n hubo un reconocimiento al Grupo de Investigaci\u00f3n en Administraci\u00f3n P\u00fablica (GIAP) dirigido por el profesor Osvaldo Henr\u00edquez Opazo, quien lider\u00f3 el trabajo en importantes proyectos, como la organizaci\u00f3n del Congreso en Descentralizaci\u00f3n Fiscal, adem\u00e1s de dos investigaciones: un an\u00e1lisis de cumplimiento del programa de gobierno de los gobernadores regionales y un estudio sobre el estado actual del tercer nivel jer\u00e1rquico en los servicios p\u00fablicos.<\/p>\n<p>Entre los estudiantes estaba: Felipe Mu\u00f1oz, Miguel Cancino, Valentina Molina, Bel\u00e9n Araya, Mariana Calder\u00f3n, Catalina Cabrera, Javiera Araya, G\u00e9nesis Castillo y Sof\u00eda Fuentes.<\/p>\n<p>De igual forma existi\u00f3 un reconocimiento a los ayudantes acad\u00e9micos, Mariana Calder\u00f3n y Benjam\u00edn Salazar, ayudantes de Derecho Administrativo. Sof\u00eda Fuentes, ayudante de Gerencia y Gesti\u00f3n P\u00fablica y Ricardo Urz\u00faa, ayudante de Teor\u00eda Democr\u00e1tica.<\/p>\n<p>Y por \u00faltimo se entreg\u00f3 un reconocimiento a quienes participaron en congresos con ponencias cient\u00edficas a Sof\u00eda Fuentes, quien particip\u00f3 en el II Congreso Gobierno Abierto, a \u00c1lvaro Mu\u00f1oz, quien particip\u00f3 en el Congreso en Descentralizaci\u00f3n Fiscal y Martina Alarc\u00f3n, quien present\u00f3 en el III Congreso Estudiantil Anticorrupci\u00f3n, en donde adem\u00e1s fue premiada por el mejor ensayo, que ser\u00e1 publicado en la revista Chilena de Administraci\u00f3n del Estado de la Contralor\u00eda General de la Rep\u00fablica.<\/p>\n","protected":false},"excerpt":{"rendered":"<p>\u201cEncuentro burocr\u00e1tico y carga administrativa: los costos que las personas deben asumir en su interacci\u00f3n con el Estado\u201d, llev\u00f3 por t\u00edtulo la conferencia que lider\u00f3 la Administradora P\u00fablica y Profesora Asociada de la Facultad de Ciencias Jur\u00eddicas y Sociales de la Universidad de Concepci\u00f3n, Waleska Mu\u00f1oz Aravena, en el marco del D\u00eda del Administrador\/a P\u00fablico\/a. [&hellip;]<\/p>\n","protected":false},"author":2,"featured_media":1780,"comment_status":"open","ping_status":"open","sticky":false,"template":"","format":"standard","meta":[],"categories":[4],"tags":[],"_links":{"self":[{"href":"https:\/\/www.administracionpublica.utalca.cl\/index.php?rest_route=\/wp\/v2\/posts\/1779"}],"collection":[{"href":"https:\/\/www.administracionpublica.utalca.cl\/index.php?rest_route=\/wp\/v2\/posts"}],"about":[{"href":"https:\/\/www.administracionpublica.utalca.cl\/index.php?rest_route=\/wp\/v2\/types\/post"}],"author":[{"embeddable":true,"href":"https:\/\/www.administracionpublica.utalca.cl\/index.php?rest_route=\/wp\/v2\/users\/2"}],"replies":[{"embeddable":true,"href":"https:\/\/www.administracionpublica.utalca.cl\/index.php?rest_route=%2Fwp%2Fv2%2Fcomments&post=1779"}],"version-history":[{"count":1,"href":"https:\/\/www.administracionpublica.utalca.cl\/index.php?rest_route=\/wp\/v2\/posts\/1779\/revisions"}],"predecessor-version":[{"id":1781,"href":"https:\/\/www.administracionpublica.utalca.cl\/index.php?rest_route=\/wp\/v2\/posts\/1779\/revisions\/1781"}],"wp:featuredmedia":[{"embeddable":true,"href":"https:\/\/www.administracionpublica.utalca.cl\/index.php?rest_route=\/wp\/v2\/media\/1780"}],"wp:attachment":[{"href":"https:\/\/www.administracionpublica.utalca.cl\/index.php?rest_route=%2Fwp%2Fv2%2Fmedia&parent=1779"}],"wp:term":[{"taxonomy":"category","embeddable":true,"href":"https:\/\/www.administracionpublica.utalca.cl\/index.php?rest_route=%2Fwp%2Fv2%2Fcategories&post=1779"},{"taxonomy":"post_tag","embeddable":true,"href":"https:\/\/www.administracionpublica.utalca.cl\/index.php?rest_route=%2Fwp%2Fv2%2Ftags&post=1779"}],"curies":[{"name":"wp","href":"https:\/\/api.w.org\/{rel}","templated":true}]}}