{"id":1786,"date":"2024-12-10T15:54:37","date_gmt":"2024-12-10T15:54:37","guid":{"rendered":"https:\/\/www.administracionpublica.utalca.cl\/?p=1786"},"modified":"2024-12-10T15:54:37","modified_gmt":"2024-12-10T15:54:37","slug":"seminario-interdisciplinario-abordo-principales-desafios-de-la-gobernanza-en-el-sistema-politico-chileno","status":"publish","type":"post","link":"https:\/\/www.administracionpublica.utalca.cl\/?p=1786","title":{"rendered":"Seminario interdisciplinario abord\u00f3 principales desaf\u00edos de la gobernanza en el sistema pol\u00edtico chileno"},"content":{"rendered":"<p>\u201cLa gobernanza en el sistema pol\u00edtico chileno\u201d, llev\u00f3 por nombre el seminario interdisciplinario que se llev\u00f3 a cabo en la Facultad de Ciencias Jur\u00eddicas y Sociales en el marco del Proyecto TAL de fomento a las ciencias sociales que existe entre la Universidad de Talca y el Ministerio de Educaci\u00f3n.<\/p>\n<p>Al respecto, el Decano de la Facultad, Iv\u00e1n Obando Camino, detall\u00f3 que en esta oportunidad se han convocado a \u201cacad\u00e9micos\/as de Ciencia Pol\u00edtica y Administraci\u00f3n P\u00fablica y de Derecho para que participen y expongan sus investigaciones en esta materia. Tambi\u00e9n hemos hecho extensiva esta invitaci\u00f3n a estudiantes de la carrera de Administraci\u00f3n P\u00fablica para que presenten sus primeras investigaciones y reciban la retroalimentaci\u00f3n de sus profesores\u201d.<\/p>\n<p>Uno de los profesores que expuso, fue Mauricio Morales Quiroga quien explic\u00f3 que durante el seminario se trataron dos aspectos \u201cpor una parte las reformas pol\u00edticas que necesita nuestro sistema pol\u00edtico y nuestro sistema de partidos para tener una mejor democracia. Y por otro lado, vimos los efectos de algunas instituciones como el voto obligatorio y lo que est\u00e1 generando sobre la participaci\u00f3n electoral\u201d.<\/p>\n<p>Bajo esa l\u00ednea, el profesor Morales analiz\u00f3 \u201clo que se denomina voto invalido, es decir el voto nulo y blanco, el cual se potenci\u00f3 con el voto obligatorio. Sobre aquello, mi tesis dice relaci\u00f3n con que con el voto obligatorio participan en igual proporci\u00f3n las comunas ricas y pobres, pero existe una desigualdad en cuanto a la taza de votaci\u00f3n invalida, que es mucho mayor en las comunas pobres en comparaci\u00f3n a las comunas ricas\u201d.<\/p>\n<p>Quien tambi\u00e9n expuso parte de su investigaci\u00f3n fue la profesora de Sociedad del Instituto de Estudios Avanzados de la Universidad de Santiago de Chile, Pamela Figueroa Rubio, quien realiz\u00f3 una presentaci\u00f3n \u201csobre c\u00f3mo es la relaci\u00f3n entre el Poder Ejecutivo y Legislativo, el rol de los partidos pol\u00edticos, y un an\u00e1lisis de las grandes dificultades del sistema pol\u00edtico para llegar a acuerdos por un dise\u00f1o institucional que no promueve la colaboraci\u00f3n entre estos dos poderes\u201d.<\/p>\n<p>Agreg\u00f3 que algo que llama la atenci\u00f3n en los estudios sobre este proceso \u201ces que habiendo un diagn\u00f3stico compartido de las dificultades del r\u00e9gimen presidencialista, las reformas pol\u00edticas m\u00e1s recientes nunca han abordado c\u00f3mo mejorar esta relaci\u00f3n. No se hizo en las reformas pol\u00edticas de 2014 y 2016, pero tampoco se incluy\u00f3 esto en los procesos constitucionales del 2022 y 2023, entonces a partir de esto pudimos discutir entre los presentes a este seminario sobre cu\u00e1les son\u00a0 los principales desaf\u00edos del sistema pol\u00edtico y c\u00f3mo podr\u00edan abordarse desde distintas reformas\u201d.<\/p>\n","protected":false},"excerpt":{"rendered":"<p>\u201cLa gobernanza en el sistema pol\u00edtico chileno\u201d, llev\u00f3 por nombre el seminario interdisciplinario que se llev\u00f3 a cabo en la Facultad de Ciencias Jur\u00eddicas y Sociales en el marco del Proyecto TAL de fomento a las ciencias sociales que existe entre la Universidad de Talca y el Ministerio de Educaci\u00f3n. Al respecto, el Decano de [&hellip;]<\/p>\n","protected":false},"author":2,"featured_media":1787,"comment_status":"open","ping_status":"open","sticky":false,"template":"","format":"standard","meta":[],"categories":[4],"tags":[],"_links":{"self":[{"href":"https:\/\/www.administracionpublica.utalca.cl\/index.php?rest_route=\/wp\/v2\/posts\/1786"}],"collection":[{"href":"https:\/\/www.administracionpublica.utalca.cl\/index.php?rest_route=\/wp\/v2\/posts"}],"about":[{"href":"https:\/\/www.administracionpublica.utalca.cl\/index.php?rest_route=\/wp\/v2\/types\/post"}],"author":[{"embeddable":true,"href":"https:\/\/www.administracionpublica.utalca.cl\/index.php?rest_route=\/wp\/v2\/users\/2"}],"replies":[{"embeddable":true,"href":"https:\/\/www.administracionpublica.utalca.cl\/index.php?rest_route=%2Fwp%2Fv2%2Fcomments&post=1786"}],"version-history":[{"count":1,"href":"https:\/\/www.administracionpublica.utalca.cl\/index.php?rest_route=\/wp\/v2\/posts\/1786\/revisions"}],"predecessor-version":[{"id":1788,"href":"https:\/\/www.administracionpublica.utalca.cl\/index.php?rest_route=\/wp\/v2\/posts\/1786\/revisions\/1788"}],"wp:featuredmedia":[{"embeddable":true,"href":"https:\/\/www.administracionpublica.utalca.cl\/index.php?rest_route=\/wp\/v2\/media\/1787"}],"wp:attachment":[{"href":"https:\/\/www.administracionpublica.utalca.cl\/index.php?rest_route=%2Fwp%2Fv2%2Fmedia&parent=1786"}],"wp:term":[{"taxonomy":"category","embeddable":true,"href":"https:\/\/www.administracionpublica.utalca.cl\/index.php?rest_route=%2Fwp%2Fv2%2Fcategories&post=1786"},{"taxonomy":"post_tag","embeddable":true,"href":"https:\/\/www.administracionpublica.utalca.cl\/index.php?rest_route=%2Fwp%2Fv2%2Ftags&post=1786"}],"curies":[{"name":"wp","href":"https:\/\/api.w.org\/{rel}","templated":true}]}}