{"id":1798,"date":"2024-12-16T13:23:10","date_gmt":"2024-12-16T13:23:10","guid":{"rendered":"https:\/\/www.administracionpublica.utalca.cl\/?p=1798"},"modified":"2024-12-16T13:24:52","modified_gmt":"2024-12-16T13:24:52","slug":"profesor-osvaldo-henriquez-fue-invitado-a-exponer-durante-seminario-de-la-subdere","status":"publish","type":"post","link":"https:\/\/www.administracionpublica.utalca.cl\/?p=1798","title":{"rendered":"Profesor Osvaldo Henr\u00edquez fue invitado a exponer durante seminario de la SUBDERE"},"content":{"rendered":"<p>El profesor de la Escuela de Ciencia Pol\u00edtica y Administraci\u00f3n P\u00fablica de la Facultad de Ciencias Jur\u00eddicas y Sociales de la Universidad de Talca, Osvaldo Henr\u00edquez Opazo, fue invitado a exponer en un seminario titulado <strong>\u201cAn\u00e1lisis y Proyecciones de los Procesos de Transferencia de Competencias\u201d<\/strong>, el cual fue organizado por la Subsecretar\u00eda de Desarrollo Regional y Administrativo (SUBDERE).<\/p>\n<p>Durante esta actividad, llevada a cabo el 11 de diciembre, el profesor Henr\u00edquez abord\u00f3 los avances y desaf\u00edos del proceso de descentralizaci\u00f3n iniciado en 2018, destacando que \u201chay una amplitud de materias y competencias que pueden ser transferidas mediante un proceso ordenado y regulado a los gobiernos regionales\u201d.<\/p>\n<p>Asimismo, reflexion\u00f3 sobre temas como la adecuaci\u00f3n de las competencias transferidas, los tiempos involucrados en los procesos administrativos y las implicancias de las leyes actuales en las relaciones de poder entre distintos niveles de gobierno.<\/p>\n<p>Caber se\u00f1alar que el evento fue tambi\u00e9n transmitido v\u00eda streaming y reuni\u00f3 a expertos y autoridades del \u00e1mbito p\u00fablico para reflexionar sobre los resultados de los talleres realizados en 2024 por la SUBDERE, los que buscaban fortalecer las capacidades y estrategias de los gobiernos regionales en el marco de la descentralizaci\u00f3n.<\/p>\n","protected":false},"excerpt":{"rendered":"<p>El profesor de la Escuela de Ciencia Pol\u00edtica y Administraci\u00f3n P\u00fablica de la Facultad de Ciencias Jur\u00eddicas y Sociales de la Universidad de Talca, Osvaldo Henr\u00edquez Opazo, fue invitado a exponer en un seminario titulado \u201cAn\u00e1lisis y Proyecciones de los Procesos de Transferencia de Competencias\u201d, el cual fue organizado por la Subsecretar\u00eda de Desarrollo Regional [&hellip;]<\/p>\n","protected":false},"author":2,"featured_media":1799,"comment_status":"open","ping_status":"open","sticky":false,"template":"","format":"standard","meta":[],"categories":[4],"tags":[],"_links":{"self":[{"href":"https:\/\/www.administracionpublica.utalca.cl\/index.php?rest_route=\/wp\/v2\/posts\/1798"}],"collection":[{"href":"https:\/\/www.administracionpublica.utalca.cl\/index.php?rest_route=\/wp\/v2\/posts"}],"about":[{"href":"https:\/\/www.administracionpublica.utalca.cl\/index.php?rest_route=\/wp\/v2\/types\/post"}],"author":[{"embeddable":true,"href":"https:\/\/www.administracionpublica.utalca.cl\/index.php?rest_route=\/wp\/v2\/users\/2"}],"replies":[{"embeddable":true,"href":"https:\/\/www.administracionpublica.utalca.cl\/index.php?rest_route=%2Fwp%2Fv2%2Fcomments&post=1798"}],"version-history":[{"count":1,"href":"https:\/\/www.administracionpublica.utalca.cl\/index.php?rest_route=\/wp\/v2\/posts\/1798\/revisions"}],"predecessor-version":[{"id":1800,"href":"https:\/\/www.administracionpublica.utalca.cl\/index.php?rest_route=\/wp\/v2\/posts\/1798\/revisions\/1800"}],"wp:featuredmedia":[{"embeddable":true,"href":"https:\/\/www.administracionpublica.utalca.cl\/index.php?rest_route=\/wp\/v2\/media\/1799"}],"wp:attachment":[{"href":"https:\/\/www.administracionpublica.utalca.cl\/index.php?rest_route=%2Fwp%2Fv2%2Fmedia&parent=1798"}],"wp:term":[{"taxonomy":"category","embeddable":true,"href":"https:\/\/www.administracionpublica.utalca.cl\/index.php?rest_route=%2Fwp%2Fv2%2Fcategories&post=1798"},{"taxonomy":"post_tag","embeddable":true,"href":"https:\/\/www.administracionpublica.utalca.cl\/index.php?rest_route=%2Fwp%2Fv2%2Ftags&post=1798"}],"curies":[{"name":"wp","href":"https:\/\/api.w.org\/{rel}","templated":true}]}}