{"id":1801,"date":"2024-12-18T13:00:06","date_gmt":"2024-12-18T13:00:06","guid":{"rendered":"https:\/\/www.administracionpublica.utalca.cl\/?p=1801"},"modified":"2024-12-18T13:00:06","modified_gmt":"2024-12-18T13:00:06","slug":"tres-egresadas-de-administracion-publica-participaron-en-el-programa-jovenes-profesionales-de-la-utalca","status":"publish","type":"post","link":"https:\/\/www.administracionpublica.utalca.cl\/?p=1801","title":{"rendered":"Tres egresadas de Administraci\u00f3n P\u00fablica participaron en el programa J\u00f3venes Profesionales de la UTalca"},"content":{"rendered":"<p>Tres egresadas de la carrera de Administraci\u00f3n P\u00fablica de la Facultad de Ciencias Jur\u00eddicas y Sociales de la Universidad de Talca, participaron en el programa J\u00f3venes Profesionales de la Direcci\u00f3n de Vinculaci\u00f3n con el Medio, el cual este a\u00f1o incorpor\u00f3 un convenio con la Secretar\u00eda de Gobierno Digital para fomentar la transformaci\u00f3n digital en municipios de la Regi\u00f3n del Maule.<\/p>\n<p>Bajo esa l\u00ednea, Francisca Correa\u00a0apoy\u00f3 a la Municipalidad de Curepto, Catalina Sandoval\u00a0a la Municipalidad de Pencahue y Rosario Medina\u00a0trabaj\u00f3 en la Municipalidad de Chanco. All\u00ed, implementaron proyectos orientados a la modernizaci\u00f3n y digitalizaci\u00f3n de los servicios municipales, facilitando la gesti\u00f3n local y acercando la administraci\u00f3n p\u00fablica a la comunidad.<\/p>\n<p>Sobre aquello, el administrador del \u00faltimo municipio mencionado, Julio Gonz\u00e1lez Orellana, expres\u00f3 que cuando lleg\u00f3 Rosario con esta ayuda para ellos \u201cfue algo muy novedoso porque estamos muy atrasados, hay que reconocerlo, porque la municipalidad de Chanco pr\u00e1cticamente era 100% papel, muy poca tecnolog\u00eda, gente con una preparaci\u00f3n muy b\u00e1sica en cambio ella nos permiti\u00f3 acceder a un mundo que no conoc\u00edamos y que nos ha servido mucho\u00bb.<\/p>\n<p>Por otro lado, Catalina Sandoval, quien trabaj\u00f3 en la comuna de Pencahue, explic\u00f3 que le toc\u00f3 \u201capoyar en todo lo que compete el \u00e1rea de transformaci\u00f3n digital, capacitar, crear flujo establecido para implementar estas nuevas plataformas que provee el Estado. Fue un gran crecimiento profesional y como administradora p\u00fablica se vincula netamente con la afici\u00f3n al servicio p\u00fablico ya que es implementar una ley, la ley 21.180 de transformaci\u00f3n digital, para que los municipios sean m\u00e1s eficaces y eficientes en sus procesos\u201d.<\/p>\n<p>Sumado a la experiencia adquirida en estas entidades, las j\u00f3venes tuvieron la posibilidad de cursar un Diplomado en Gesti\u00f3n P\u00fablica Regional\u00a0en la universidad. Finalmente, la ceremonia de cierre de esta iniciativa se llev\u00f3 a cabo este martes 17 de diciembre.<\/p>\n","protected":false},"excerpt":{"rendered":"<p>Tres egresadas de la carrera de Administraci\u00f3n P\u00fablica de la Facultad de Ciencias Jur\u00eddicas y Sociales de la Universidad de Talca, participaron en el programa J\u00f3venes Profesionales de la Direcci\u00f3n de Vinculaci\u00f3n con el Medio, el cual este a\u00f1o incorpor\u00f3 un convenio con la Secretar\u00eda de Gobierno Digital para fomentar la transformaci\u00f3n digital en municipios [&hellip;]<\/p>\n","protected":false},"author":2,"featured_media":1802,"comment_status":"open","ping_status":"open","sticky":false,"template":"","format":"standard","meta":[],"categories":[4],"tags":[],"_links":{"self":[{"href":"https:\/\/www.administracionpublica.utalca.cl\/index.php?rest_route=\/wp\/v2\/posts\/1801"}],"collection":[{"href":"https:\/\/www.administracionpublica.utalca.cl\/index.php?rest_route=\/wp\/v2\/posts"}],"about":[{"href":"https:\/\/www.administracionpublica.utalca.cl\/index.php?rest_route=\/wp\/v2\/types\/post"}],"author":[{"embeddable":true,"href":"https:\/\/www.administracionpublica.utalca.cl\/index.php?rest_route=\/wp\/v2\/users\/2"}],"replies":[{"embeddable":true,"href":"https:\/\/www.administracionpublica.utalca.cl\/index.php?rest_route=%2Fwp%2Fv2%2Fcomments&post=1801"}],"version-history":[{"count":1,"href":"https:\/\/www.administracionpublica.utalca.cl\/index.php?rest_route=\/wp\/v2\/posts\/1801\/revisions"}],"predecessor-version":[{"id":1803,"href":"https:\/\/www.administracionpublica.utalca.cl\/index.php?rest_route=\/wp\/v2\/posts\/1801\/revisions\/1803"}],"wp:featuredmedia":[{"embeddable":true,"href":"https:\/\/www.administracionpublica.utalca.cl\/index.php?rest_route=\/wp\/v2\/media\/1802"}],"wp:attachment":[{"href":"https:\/\/www.administracionpublica.utalca.cl\/index.php?rest_route=%2Fwp%2Fv2%2Fmedia&parent=1801"}],"wp:term":[{"taxonomy":"category","embeddable":true,"href":"https:\/\/www.administracionpublica.utalca.cl\/index.php?rest_route=%2Fwp%2Fv2%2Fcategories&post=1801"},{"taxonomy":"post_tag","embeddable":true,"href":"https:\/\/www.administracionpublica.utalca.cl\/index.php?rest_route=%2Fwp%2Fv2%2Ftags&post=1801"}],"curies":[{"name":"wp","href":"https:\/\/api.w.org\/{rel}","templated":true}]}}