{"id":1823,"date":"2025-03-10T13:59:02","date_gmt":"2025-03-10T13:59:02","guid":{"rendered":"https:\/\/www.administracionpublica.utalca.cl\/?p=1823"},"modified":"2025-03-10T13:59:02","modified_gmt":"2025-03-10T13:59:02","slug":"administracion-publica-campus-talca-recibe-a-la-generacion-mas-numerosa-desde-que-la-escuela-abrio-sus-puertas","status":"publish","type":"post","link":"https:\/\/www.administracionpublica.utalca.cl\/?p=1823","title":{"rendered":"Administraci\u00f3n P\u00fablica Campus Talca recibe a la generaci\u00f3n m\u00e1s numerosa desde que la escuela abri\u00f3 sus puertas"},"content":{"rendered":"<p>La Escuela de Ciencia Pol\u00edtica y Administraci\u00f3n P\u00fablica de la Facultad de Ciencias Jur\u00eddicas y Sociales de la Universidad de Talca, recibi\u00f3 a su octava generaci\u00f3n la cual result\u00f3 ser la m\u00e1s numerosa desde que esta abri\u00f3 sus puertas en 2018.<\/p>\n<p>Se trata de 57 estudiantes y seg\u00fan el Decano de la Facultad, Iv\u00e1n Obando Camino, esto es \u201creflejo de la creciente consolidaci\u00f3n de nuestra carrera en el medio regional y nacional. Para nosotros esto implica un gran desaf\u00edo, ya que se trata de la confianza \u00a0que la comunidad deposita en nosotros al confiarnos la educaci\u00f3n de sus hijas e hijos\u201d.<\/p>\n<p>Por su parte el Director de la Escuela, Fernando Soto Ram\u00edrez, expres\u00f3 que esta gran cantidad de j\u00f3venes los tiene \u201cmuy ilusionados, adem\u00e1s todos ellos ingresaron con muy buenos puntajes, nos alegra que hayan decidido enfrentar este desaf\u00edo en nuestra escuela\u201d.<\/p>\n<p>Una de las estudiantes que formar\u00e1 parte de esta nueva cohorte es Victoria Campos Navarrete, quien se\u00f1al\u00f3 que decidi\u00f3 entrar a la carrera porque \u201cacumula varias de las \u00e1reas que me gustan como la pol\u00edtica y el derecho. Adem\u00e1s siento que es una carrera que me ayudar\u00e1 a desenvolverme como un buen ciudadano en el futuro. Espero llevarme bien con todos y pasar todas las materias\u201d.<\/p>\n","protected":false},"excerpt":{"rendered":"<p>La Escuela de Ciencia Pol\u00edtica y Administraci\u00f3n P\u00fablica de la Facultad de Ciencias Jur\u00eddicas y Sociales de la Universidad de Talca, recibi\u00f3 a su octava generaci\u00f3n la cual result\u00f3 ser la m\u00e1s numerosa desde que esta abri\u00f3 sus puertas en 2018. Se trata de 57 estudiantes y seg\u00fan el Decano de la Facultad, Iv\u00e1n Obando [&hellip;]<\/p>\n","protected":false},"author":2,"featured_media":1824,"comment_status":"open","ping_status":"open","sticky":false,"template":"","format":"standard","meta":[],"categories":[4],"tags":[],"_links":{"self":[{"href":"https:\/\/www.administracionpublica.utalca.cl\/index.php?rest_route=\/wp\/v2\/posts\/1823"}],"collection":[{"href":"https:\/\/www.administracionpublica.utalca.cl\/index.php?rest_route=\/wp\/v2\/posts"}],"about":[{"href":"https:\/\/www.administracionpublica.utalca.cl\/index.php?rest_route=\/wp\/v2\/types\/post"}],"author":[{"embeddable":true,"href":"https:\/\/www.administracionpublica.utalca.cl\/index.php?rest_route=\/wp\/v2\/users\/2"}],"replies":[{"embeddable":true,"href":"https:\/\/www.administracionpublica.utalca.cl\/index.php?rest_route=%2Fwp%2Fv2%2Fcomments&post=1823"}],"version-history":[{"count":1,"href":"https:\/\/www.administracionpublica.utalca.cl\/index.php?rest_route=\/wp\/v2\/posts\/1823\/revisions"}],"predecessor-version":[{"id":1825,"href":"https:\/\/www.administracionpublica.utalca.cl\/index.php?rest_route=\/wp\/v2\/posts\/1823\/revisions\/1825"}],"wp:featuredmedia":[{"embeddable":true,"href":"https:\/\/www.administracionpublica.utalca.cl\/index.php?rest_route=\/wp\/v2\/media\/1824"}],"wp:attachment":[{"href":"https:\/\/www.administracionpublica.utalca.cl\/index.php?rest_route=%2Fwp%2Fv2%2Fmedia&parent=1823"}],"wp:term":[{"taxonomy":"category","embeddable":true,"href":"https:\/\/www.administracionpublica.utalca.cl\/index.php?rest_route=%2Fwp%2Fv2%2Fcategories&post=1823"},{"taxonomy":"post_tag","embeddable":true,"href":"https:\/\/www.administracionpublica.utalca.cl\/index.php?rest_route=%2Fwp%2Fv2%2Ftags&post=1823"}],"curies":[{"name":"wp","href":"https:\/\/api.w.org\/{rel}","templated":true}]}}