{"id":1830,"date":"2025-03-21T18:07:56","date_gmt":"2025-03-21T18:07:56","guid":{"rendered":"https:\/\/www.administracionpublica.utalca.cl\/?p=1830"},"modified":"2025-03-21T18:07:56","modified_gmt":"2025-03-21T18:07:56","slug":"decano-se-reune-con-centros-de-estudiantes-de-derecho-y-administracion-publica-talca","status":"publish","type":"post","link":"https:\/\/www.administracionpublica.utalca.cl\/?p=1830","title":{"rendered":"Decano se re\u00fane con Centros de Estudiantes de Derecho y Administraci\u00f3n P\u00fablica Talca"},"content":{"rendered":"<p>El Decano de la Facultad de Ciencias Jur\u00eddicas y Sociales de la Universidad de Talca, Iv\u00e1n Obando Camino, se reuni\u00f3 con representantes de los Centros de Estudiantes de las carreras de Derecho y Administraci\u00f3n P\u00fablica, Campus Talca.<\/p>\n<p>Al respecto, el Decano explic\u00f3 que durante esta reuni\u00f3n \u201cse analizaron las instancias de colaboraci\u00f3n, manifest\u00e9 disposici\u00f3n de apoyarlos en las actividades que tienen en lo que resta de su periodo y me contaron los detalles de su programa para dar la bienvenida a los estudiantes de primer a\u00f1o\u201d.<\/p>\n<p>Sobre aquello, la presidenta del Centro de Estudiantes de Administraci\u00f3n P\u00fablica, G\u00e9nesis Castillo Maureira, expres\u00f3 que se trata de una instancia \u201cmuy importante para coordinarnos con la Facultad y con los estudiantes de Derecho, ya que hacemos un an\u00e1lisis sobre las actividades del a\u00f1o. Agradecemos ser considerados y escuchados, es adem\u00e1s un buen momento para presentarle nuestras necesidades y dialogar\u201d.<\/p>\n<p>Por su parte, el Secretario General del Centro de Estudiantes de Derecho, Tom\u00e1s Bardehle Acu\u00f1a, se\u00f1al\u00f3 que les pareci\u00f3 una excelente\u00a0 iniciativa que el decano loa \u201chaya llamado a conversar ahora que comenzamos el a\u00f1o, porque se rompe la distancia que existe entre profesores y estudiantes, muestra la preocupaci\u00f3n que existe por las actividades que estamos desarrollando\u201d.<\/p>\n","protected":false},"excerpt":{"rendered":"<p>El Decano de la Facultad de Ciencias Jur\u00eddicas y Sociales de la Universidad de Talca, Iv\u00e1n Obando Camino, se reuni\u00f3 con representantes de los Centros de Estudiantes de las carreras de Derecho y Administraci\u00f3n P\u00fablica, Campus Talca. Al respecto, el Decano explic\u00f3 que durante esta reuni\u00f3n \u201cse analizaron las instancias de colaboraci\u00f3n, manifest\u00e9 disposici\u00f3n de [&hellip;]<\/p>\n","protected":false},"author":2,"featured_media":1831,"comment_status":"open","ping_status":"open","sticky":false,"template":"","format":"standard","meta":[],"categories":[4],"tags":[],"_links":{"self":[{"href":"https:\/\/www.administracionpublica.utalca.cl\/index.php?rest_route=\/wp\/v2\/posts\/1830"}],"collection":[{"href":"https:\/\/www.administracionpublica.utalca.cl\/index.php?rest_route=\/wp\/v2\/posts"}],"about":[{"href":"https:\/\/www.administracionpublica.utalca.cl\/index.php?rest_route=\/wp\/v2\/types\/post"}],"author":[{"embeddable":true,"href":"https:\/\/www.administracionpublica.utalca.cl\/index.php?rest_route=\/wp\/v2\/users\/2"}],"replies":[{"embeddable":true,"href":"https:\/\/www.administracionpublica.utalca.cl\/index.php?rest_route=%2Fwp%2Fv2%2Fcomments&post=1830"}],"version-history":[{"count":1,"href":"https:\/\/www.administracionpublica.utalca.cl\/index.php?rest_route=\/wp\/v2\/posts\/1830\/revisions"}],"predecessor-version":[{"id":1832,"href":"https:\/\/www.administracionpublica.utalca.cl\/index.php?rest_route=\/wp\/v2\/posts\/1830\/revisions\/1832"}],"wp:featuredmedia":[{"embeddable":true,"href":"https:\/\/www.administracionpublica.utalca.cl\/index.php?rest_route=\/wp\/v2\/media\/1831"}],"wp:attachment":[{"href":"https:\/\/www.administracionpublica.utalca.cl\/index.php?rest_route=%2Fwp%2Fv2%2Fmedia&parent=1830"}],"wp:term":[{"taxonomy":"category","embeddable":true,"href":"https:\/\/www.administracionpublica.utalca.cl\/index.php?rest_route=%2Fwp%2Fv2%2Fcategories&post=1830"},{"taxonomy":"post_tag","embeddable":true,"href":"https:\/\/www.administracionpublica.utalca.cl\/index.php?rest_route=%2Fwp%2Fv2%2Ftags&post=1830"}],"curies":[{"name":"wp","href":"https:\/\/api.w.org\/{rel}","templated":true}]}}