{"id":1836,"date":"2025-04-03T14:06:31","date_gmt":"2025-04-03T14:06:31","guid":{"rendered":"https:\/\/www.administracionpublica.utalca.cl\/?p=1836"},"modified":"2025-04-03T14:06:31","modified_gmt":"2025-04-03T14:06:31","slug":"facultad-de-cs-juridicas-y-sociales-sera-sede-del-xv-congreso-chileno-de-ciencia-politica","status":"publish","type":"post","link":"https:\/\/www.administracionpublica.utalca.cl\/?p=1836","title":{"rendered":"Facultad de Cs. Jur\u00eddicas y Sociales ser\u00e1 sede del XV Congreso Chileno de Ciencia Pol\u00edtica"},"content":{"rendered":"<p>Ya iniciaron los preparativos del XV Congreso Chileno de Ciencia Pol\u00edtica que este 2025 tendr\u00e1 lugar en la Facultad de Ciencias Jur\u00eddicas y Sociales de la Universidad de Talca. Se trata de uno de los eventos de la disciplina m\u00e1s importantes a nivel nacional y que convoca cientos de profesionales del \u00e1rea cada dos a\u00f1os.<\/p>\n<p>El presidente de la Asociaci\u00f3n Chilena de Ciencia Pol\u00edtica, Hugo Jofr\u00e9 Rodr\u00edguez, se\u00f1al\u00f3 que \u201ceste hito marca un esfuerzo por la descentralizaci\u00f3n, por abrir nuevos espacios y potenciar aquellas universidades y facultades que se est\u00e1n desarrollando en la disciplina de la ciencia pol\u00edtica\u201d.<\/p>\n<p>Agreg\u00f3 que en este congreso esperan \u201cabordar fen\u00f3menos como el desarrollo institucional, la crisis de la democracia con el fen\u00f3meno del populismo y la reforma al sistema pol\u00edtico que es uno de los ejes que nosotros como directiva hemos seguido durante nuestro mandato desde 2023. Estamos entusiasmados en poder fortalecer la participaci\u00f3n de estudiantes de pregrado, postgrado, acad\u00e9micos\/as e interesados en el \u00e1rea\u201d.<\/p>\n<p>Por su parte el Director del Departamento de Ciencia Pol\u00edtica y Administraci\u00f3n P\u00fablica de nuestra Facultad, Mario Herrera Mu\u00f1oz, destac\u00f3 que este congreso \u201cviene a contribuir a la descentralizaci\u00f3n de la ciencia pol\u00edtica en el concierto regional. Este evento suele reunir a cerca de 300 profesionales, y en esta ocasi\u00f3n recibiremos aportes del \u00e1rea de la administraci\u00f3n p\u00fablica, la econom\u00eda y de las ciencias sociales\u201d.<\/p>\n<p>El acad\u00e9mico detall\u00f3 que el congreso se suele dividir en base a los aportes que los participantes deseen desarrollar por ejemplo, se pueden agrupar \u201cen opini\u00f3n p\u00fablica, elecciones, pol\u00edtica comparada, relaciones internacionales, teor\u00eda pol\u00edtica, pol\u00edticas p\u00fablicas, econom\u00eda pol\u00edtica y gesti\u00f3n p\u00fablica\u201d.<\/p>\n<p>Finalmente, expres\u00f3 que para el departamento este evento viene a \u201cfortalecer la investigaci\u00f3n y desarrollar la docencia. Por tanto, para nuestros acad\u00e9micos y para los estudiantes representa una oportunidad de insertarse en los debates emergentes y tradicionales de la disciplina\u201d.<\/p>\n<p>\u00a1Pronto m\u00e1s informaci\u00f3n sobre inscripciones y postulaci\u00f3n de trabajos!<\/p>\n","protected":false},"excerpt":{"rendered":"<p>Ya iniciaron los preparativos del XV Congreso Chileno de Ciencia Pol\u00edtica que este 2025 tendr\u00e1 lugar en la Facultad de Ciencias Jur\u00eddicas y Sociales de la Universidad de Talca. Se trata de uno de los eventos de la disciplina m\u00e1s importantes a nivel nacional y que convoca cientos de profesionales del \u00e1rea cada dos a\u00f1os. [&hellip;]<\/p>\n","protected":false},"author":2,"featured_media":1837,"comment_status":"open","ping_status":"open","sticky":false,"template":"","format":"standard","meta":[],"categories":[4],"tags":[],"_links":{"self":[{"href":"https:\/\/www.administracionpublica.utalca.cl\/index.php?rest_route=\/wp\/v2\/posts\/1836"}],"collection":[{"href":"https:\/\/www.administracionpublica.utalca.cl\/index.php?rest_route=\/wp\/v2\/posts"}],"about":[{"href":"https:\/\/www.administracionpublica.utalca.cl\/index.php?rest_route=\/wp\/v2\/types\/post"}],"author":[{"embeddable":true,"href":"https:\/\/www.administracionpublica.utalca.cl\/index.php?rest_route=\/wp\/v2\/users\/2"}],"replies":[{"embeddable":true,"href":"https:\/\/www.administracionpublica.utalca.cl\/index.php?rest_route=%2Fwp%2Fv2%2Fcomments&post=1836"}],"version-history":[{"count":1,"href":"https:\/\/www.administracionpublica.utalca.cl\/index.php?rest_route=\/wp\/v2\/posts\/1836\/revisions"}],"predecessor-version":[{"id":1838,"href":"https:\/\/www.administracionpublica.utalca.cl\/index.php?rest_route=\/wp\/v2\/posts\/1836\/revisions\/1838"}],"wp:featuredmedia":[{"embeddable":true,"href":"https:\/\/www.administracionpublica.utalca.cl\/index.php?rest_route=\/wp\/v2\/media\/1837"}],"wp:attachment":[{"href":"https:\/\/www.administracionpublica.utalca.cl\/index.php?rest_route=%2Fwp%2Fv2%2Fmedia&parent=1836"}],"wp:term":[{"taxonomy":"category","embeddable":true,"href":"https:\/\/www.administracionpublica.utalca.cl\/index.php?rest_route=%2Fwp%2Fv2%2Fcategories&post=1836"},{"taxonomy":"post_tag","embeddable":true,"href":"https:\/\/www.administracionpublica.utalca.cl\/index.php?rest_route=%2Fwp%2Fv2%2Ftags&post=1836"}],"curies":[{"name":"wp","href":"https:\/\/api.w.org\/{rel}","templated":true}]}}