{"id":1842,"date":"2025-04-04T19:15:14","date_gmt":"2025-04-04T19:15:14","guid":{"rendered":"https:\/\/www.administracionpublica.utalca.cl\/?p=1842"},"modified":"2025-04-04T19:15:14","modified_gmt":"2025-04-04T19:15:14","slug":"comuna-de-pencahue-recibio-a-la-feria-de-servicios-de-los-estudiantes-de-administracion-publica-de-la-utalca","status":"publish","type":"post","link":"https:\/\/www.administracionpublica.utalca.cl\/?p=1842","title":{"rendered":"Comuna de Pencahue recibi\u00f3 a la Feria de Servicios de los estudiantes de Administraci\u00f3n P\u00fablica de la UTalca"},"content":{"rendered":"<p>Resoluci\u00f3n de dudas, orientaci\u00f3n y apoyo, ofrecieron los estudiantes de la Escuela de Ciencia Pol\u00edtica y Administraci\u00f3n P\u00fablica, Campus Talca de la Facultad de Ciencias Jur\u00eddicas y Sociales de la Universidad de Talca, a la comunidad de Pencahue a trav\u00e9s de la segunda versi\u00f3n de la Feria de Servicios.<\/p>\n<p>El director de dicha escuela, Fernando Soto Ram\u00edrez, indic\u00f3 que esta feria \u201cse realiz\u00f3 en el marco del m\u00f3dulo de integraci\u00f3n del plan de formaci\u00f3n de nuestra carrera liderado por el profesor Tom\u00e1s Chadwick Lobos a quien agradecemos sus gestiones\u201d.<\/p>\n<p>Agreg\u00f3 que \u201cun total de 27 estudiantes se trasladaron hasta la Plaza de Armas de la comuna, en conjunto con la Cl\u00ednica Jur\u00eddica Formativa de la Facultad, Admisi\u00f3n UTalca y siete servicios p\u00fablicos para ofrecer asesor\u00eda a la ciudadan\u00eda\u201d.<\/p>\n<p>Entre estos servicios estaba el Servicio de Vivienda y Urbanizaci\u00f3n (SERVIU), el Servicio Nacional de Capacitaci\u00f3n y Empleo (SENCE), el Servicio Nacional del Consumidor (SERNAC), el Instituto de Previsi\u00f3n Social (IPS), el Fondo de Solidaridad e Inversi\u00f3n Social (FOSIS), la Secretar\u00eda Regional Ministerial de Bienes Nacionales y la Direcci\u00f3n del Trabajo, adem\u00e1s de otros servicios municipales.<\/p>\n<p>Para dar respuesta a la comunidad en representaci\u00f3n de estos servicios, los estudiantes de la carrera debieron tener reuniones con funcionarios representantes de dichas entidades para manejar su normativa y oferta program\u00e1tica.<\/p>\n<p>Sobre aquello, el Director del Departamento de Comunicaciones de la Municipalidad de Pencahue, Carlos Sep\u00falveda, indic\u00f3 que para ellos \u201ces muy importante este tipo de iniciativas, ya que permiten acercar estos servicios a nuestra comuna que est\u00e1 alejada de Talca en donde est\u00e1n mayoritariamente radicadas estas instituciones\u201d.<\/p>\n<p>La Directora de la Cl\u00ednica Jur\u00eddica de la facultad por su parte, Daniela Rojas Ram\u00edrez, manifest\u00f3 que \u00e9sta \u201cfue una excelente experiencia porque nos permite mostrar a la comunidad el trabajo que venimos realizando desde la Cl\u00ednica Jur\u00eddica, cuya primera funci\u00f3n es orientar, asesorar y patrocinar a las personas de manera gratuita, por lo que estas actividades nos permiten vincularnos a\u00fan m\u00e1s con el medio\u201d.<\/p>\n<p>Una de las estudiantes que particip\u00f3 en esta feria fue Maribel Velozo, quien expres\u00f3 que tuvo \u201cuna muy buena experiencia, debido a que con esto comenzamos a tener una cercan\u00eda con el p\u00fablico, con quienes nosotros trabajaremos en el futuro. Por otro lado, mi grupo y yo representamos a SENCE, y nos acercamos de la OMIL, un servicio que no conoc\u00eda tanto, lo que nos permiti\u00f3 aprender a\u00fan m\u00e1s\u201d.<\/p>\n","protected":false},"excerpt":{"rendered":"<p>Resoluci\u00f3n de dudas, orientaci\u00f3n y apoyo, ofrecieron los estudiantes de la Escuela de Ciencia Pol\u00edtica y Administraci\u00f3n P\u00fablica, Campus Talca de la Facultad de Ciencias Jur\u00eddicas y Sociales de la Universidad de Talca, a la comunidad de Pencahue a trav\u00e9s de la segunda versi\u00f3n de la Feria de Servicios. El director de dicha escuela, Fernando [&hellip;]<\/p>\n","protected":false},"author":2,"featured_media":1843,"comment_status":"open","ping_status":"open","sticky":false,"template":"","format":"standard","meta":[],"categories":[4],"tags":[],"_links":{"self":[{"href":"https:\/\/www.administracionpublica.utalca.cl\/index.php?rest_route=\/wp\/v2\/posts\/1842"}],"collection":[{"href":"https:\/\/www.administracionpublica.utalca.cl\/index.php?rest_route=\/wp\/v2\/posts"}],"about":[{"href":"https:\/\/www.administracionpublica.utalca.cl\/index.php?rest_route=\/wp\/v2\/types\/post"}],"author":[{"embeddable":true,"href":"https:\/\/www.administracionpublica.utalca.cl\/index.php?rest_route=\/wp\/v2\/users\/2"}],"replies":[{"embeddable":true,"href":"https:\/\/www.administracionpublica.utalca.cl\/index.php?rest_route=%2Fwp%2Fv2%2Fcomments&post=1842"}],"version-history":[{"count":1,"href":"https:\/\/www.administracionpublica.utalca.cl\/index.php?rest_route=\/wp\/v2\/posts\/1842\/revisions"}],"predecessor-version":[{"id":1844,"href":"https:\/\/www.administracionpublica.utalca.cl\/index.php?rest_route=\/wp\/v2\/posts\/1842\/revisions\/1844"}],"wp:featuredmedia":[{"embeddable":true,"href":"https:\/\/www.administracionpublica.utalca.cl\/index.php?rest_route=\/wp\/v2\/media\/1843"}],"wp:attachment":[{"href":"https:\/\/www.administracionpublica.utalca.cl\/index.php?rest_route=%2Fwp%2Fv2%2Fmedia&parent=1842"}],"wp:term":[{"taxonomy":"category","embeddable":true,"href":"https:\/\/www.administracionpublica.utalca.cl\/index.php?rest_route=%2Fwp%2Fv2%2Fcategories&post=1842"},{"taxonomy":"post_tag","embeddable":true,"href":"https:\/\/www.administracionpublica.utalca.cl\/index.php?rest_route=%2Fwp%2Fv2%2Ftags&post=1842"}],"curies":[{"name":"wp","href":"https:\/\/api.w.org\/{rel}","templated":true}]}}