{"id":1848,"date":"2025-04-15T13:37:53","date_gmt":"2025-04-15T13:37:53","guid":{"rendered":"https:\/\/www.administracionpublica.utalca.cl\/?p=1848"},"modified":"2025-04-15T13:37:53","modified_gmt":"2025-04-15T13:37:53","slug":"profesor-claudio-riveros-expuso-sobre-el-populismo-en-seminario-de-la-universidad-del-desarrollo","status":"publish","type":"post","link":"https:\/\/www.administracionpublica.utalca.cl\/?p=1848","title":{"rendered":"Profesor Claudio Riveros expuso sobre el populismo en seminario de la Universidad del Desarrollo"},"content":{"rendered":"<p>El profesor de la carrera de Administraci\u00f3n P\u00fablica de la Facultad de Ciencias Jur\u00eddicas y Sociales de la Universidad de Talca, Claudio Riveros Ferrada, particip\u00f3 en el seminario titulado \u201cLiberalismo, populismo y democracia\u201d, de la Universidad del Desarrollo este 10 y 11 de abril.<\/p>\n<p>La ponencia del acad\u00e9mico llev\u00f3 por nombre \u201c\u00bfIdeolog\u00edas delgadas o estiramiento de conceptos pol\u00edticos? El caso del populismo\u201d, en donde expuso que \u201cEl populismo es un concepto dif\u00edcil de asir, tanto por su relaci\u00f3n\/tensi\u00f3n con la democracia como por la existencia de distintos enfoques que pretenden definirlo\u201d.<\/p>\n<p>Agreg\u00f3 que \u201cuno de los enfoques predominantes es el ideacionalismo que, sin embargo, dificulta la comprensi\u00f3n del populismo al definirlo como una ideolog\u00eda delgada, lo que genera un estiramiento conceptual que, si bien permite la comparaci\u00f3n de dichos fen\u00f3menos a nivel global, impide una explicaci\u00f3n profunda de sus causas y condicionantes hist\u00f3rico-sociales\u201d.<\/p>\n","protected":false},"excerpt":{"rendered":"<p>El profesor de la carrera de Administraci\u00f3n P\u00fablica de la Facultad de Ciencias Jur\u00eddicas y Sociales de la Universidad de Talca, Claudio Riveros Ferrada, particip\u00f3 en el seminario titulado \u201cLiberalismo, populismo y democracia\u201d, de la Universidad del Desarrollo este 10 y 11 de abril. La ponencia del acad\u00e9mico llev\u00f3 por nombre \u201c\u00bfIdeolog\u00edas delgadas o estiramiento [&hellip;]<\/p>\n","protected":false},"author":2,"featured_media":1849,"comment_status":"open","ping_status":"open","sticky":false,"template":"","format":"standard","meta":[],"categories":[4],"tags":[],"_links":{"self":[{"href":"https:\/\/www.administracionpublica.utalca.cl\/index.php?rest_route=\/wp\/v2\/posts\/1848"}],"collection":[{"href":"https:\/\/www.administracionpublica.utalca.cl\/index.php?rest_route=\/wp\/v2\/posts"}],"about":[{"href":"https:\/\/www.administracionpublica.utalca.cl\/index.php?rest_route=\/wp\/v2\/types\/post"}],"author":[{"embeddable":true,"href":"https:\/\/www.administracionpublica.utalca.cl\/index.php?rest_route=\/wp\/v2\/users\/2"}],"replies":[{"embeddable":true,"href":"https:\/\/www.administracionpublica.utalca.cl\/index.php?rest_route=%2Fwp%2Fv2%2Fcomments&post=1848"}],"version-history":[{"count":1,"href":"https:\/\/www.administracionpublica.utalca.cl\/index.php?rest_route=\/wp\/v2\/posts\/1848\/revisions"}],"predecessor-version":[{"id":1850,"href":"https:\/\/www.administracionpublica.utalca.cl\/index.php?rest_route=\/wp\/v2\/posts\/1848\/revisions\/1850"}],"wp:featuredmedia":[{"embeddable":true,"href":"https:\/\/www.administracionpublica.utalca.cl\/index.php?rest_route=\/wp\/v2\/media\/1849"}],"wp:attachment":[{"href":"https:\/\/www.administracionpublica.utalca.cl\/index.php?rest_route=%2Fwp%2Fv2%2Fmedia&parent=1848"}],"wp:term":[{"taxonomy":"category","embeddable":true,"href":"https:\/\/www.administracionpublica.utalca.cl\/index.php?rest_route=%2Fwp%2Fv2%2Fcategories&post=1848"},{"taxonomy":"post_tag","embeddable":true,"href":"https:\/\/www.administracionpublica.utalca.cl\/index.php?rest_route=%2Fwp%2Fv2%2Ftags&post=1848"}],"curies":[{"name":"wp","href":"https:\/\/api.w.org\/{rel}","templated":true}]}}