{"id":1865,"date":"2025-05-09T19:12:00","date_gmt":"2025-05-09T19:12:00","guid":{"rendered":"https:\/\/www.administracionpublica.utalca.cl\/?p=1865"},"modified":"2025-05-09T19:12:00","modified_gmt":"2025-05-09T19:12:00","slug":"tercera-generacion-de-la-carrera-de-administracion-publica-talca-vivio-su-ceremonia-de-titulacion","status":"publish","type":"post","link":"https:\/\/www.administracionpublica.utalca.cl\/?p=1865","title":{"rendered":"Tercera generaci\u00f3n de la carrera de Administraci\u00f3n P\u00fablica Talca vivi\u00f3 su ceremonia de titulaci\u00f3n"},"content":{"rendered":"<p>Un total de 21 egresados y egresadas de la carrera de Administraci\u00f3n P\u00fablica de la Facultad de Ciencias Jur\u00eddicas y Sociales de la Universidad de Talca, vivieron su ceremonia de titulaci\u00f3n este 9 de mayo de 2025.<\/p>\n<p>El Decano de la Facultad, Iv\u00e1n Obando Camino, indic\u00f3 que estos nuevos egresados\/as podr\u00e1n desempe\u00f1arse \u201cen los diversos \u00e1mbitos de la vida nacional gracias a la formaci\u00f3n que les hemos impartido en Ciencias de la Administraci\u00f3n, en Gesti\u00f3n P\u00fablica, en Ciencia Pol\u00edtica y tambi\u00e9n en Fundamentos de Derecho. Esperamos que no solo dinamicen los servicios en donde ejerzan, sino que tambi\u00e9n hagan la diferencia en sus comunidades y que sean grandes representantes de nuestra comunidad\u201d.<\/p>\n<p>Por su parte, el Director de la Escuela de Ciencia Pol\u00edtica y Administraci\u00f3n P\u00fablica, Fernando Soto Ram\u00edrez, indic\u00f3 que \u201cesta es la tercera generaci\u00f3n de titulados y para nosotros estas ceremonias son muy emotivas, tratamos de reconocer la vocaci\u00f3n de estos j\u00f3venes y cumplir la misi\u00f3n que nos convoca la creaci\u00f3n de esta escuela que es entregar capital humano avanzado para la regi\u00f3n y pa\u00eds\u201d.<\/p>\n<p>Durante esta ceremonia, como cada a\u00f1o, se reconoci\u00f3 a el\/la Estudiante Destacado de la Generaci\u00f3n, que este 2025 fue Sof\u00eda Fuentes Retamal, quien expres\u00f3 estar \u201cmuy agradecida por este premio, esto significa mucho para m\u00ed porque es un reconocimiento a mi esfuerzo y al de mi familia y amigos tambi\u00e9n. Creo que cuento con los conocimientos necesarios para entrar al mundo laboral as\u00ed que me siento agradecida de la universidad\u201d.<\/p>\n<p>Otro reconocimiento que se entrega en esta oportunidad es al Esp\u00edritu AP, premio que se otorga a la\/el estudiante que destaca los valores de un buen Administrador P\u00fablico, tales como el servicio y entrega a la comunidad, \u00e9tica profesional, y compromiso con el futuro y progreso del pa\u00eds y de su ciudadan\u00eda.<\/p>\n<p>Bajo esa l\u00ednea, el estudiante que recibi\u00f3 este reconocimiento este a\u00f1o fue Rodrigo Vargas L\u00f3pez, quien manifest\u00f3 que se sinti\u00f3 sorprendido con la noticia \u201cestoy muy orgulloso y emocionado de representar estos principios y valores, de ser reconocido por mis compa\u00f1eros y profesores. Aconsej\u00f3 a las pr\u00f3ximas generaciones ser aut\u00e9nticos, velen por el bien com\u00fan y siempre apoyen a quienes est\u00e1n a su lado\u201d.<\/p>\n","protected":false},"excerpt":{"rendered":"<p>Un total de 21 egresados y egresadas de la carrera de Administraci\u00f3n P\u00fablica de la Facultad de Ciencias Jur\u00eddicas y Sociales de la Universidad de Talca, vivieron su ceremonia de titulaci\u00f3n este 9 de mayo de 2025. El Decano de la Facultad, Iv\u00e1n Obando Camino, indic\u00f3 que estos nuevos egresados\/as podr\u00e1n desempe\u00f1arse \u201cen los diversos [&hellip;]<\/p>\n","protected":false},"author":2,"featured_media":1866,"comment_status":"open","ping_status":"open","sticky":false,"template":"","format":"standard","meta":[],"categories":[4],"tags":[],"_links":{"self":[{"href":"https:\/\/www.administracionpublica.utalca.cl\/index.php?rest_route=\/wp\/v2\/posts\/1865"}],"collection":[{"href":"https:\/\/www.administracionpublica.utalca.cl\/index.php?rest_route=\/wp\/v2\/posts"}],"about":[{"href":"https:\/\/www.administracionpublica.utalca.cl\/index.php?rest_route=\/wp\/v2\/types\/post"}],"author":[{"embeddable":true,"href":"https:\/\/www.administracionpublica.utalca.cl\/index.php?rest_route=\/wp\/v2\/users\/2"}],"replies":[{"embeddable":true,"href":"https:\/\/www.administracionpublica.utalca.cl\/index.php?rest_route=%2Fwp%2Fv2%2Fcomments&post=1865"}],"version-history":[{"count":1,"href":"https:\/\/www.administracionpublica.utalca.cl\/index.php?rest_route=\/wp\/v2\/posts\/1865\/revisions"}],"predecessor-version":[{"id":1867,"href":"https:\/\/www.administracionpublica.utalca.cl\/index.php?rest_route=\/wp\/v2\/posts\/1865\/revisions\/1867"}],"wp:featuredmedia":[{"embeddable":true,"href":"https:\/\/www.administracionpublica.utalca.cl\/index.php?rest_route=\/wp\/v2\/media\/1866"}],"wp:attachment":[{"href":"https:\/\/www.administracionpublica.utalca.cl\/index.php?rest_route=%2Fwp%2Fv2%2Fmedia&parent=1865"}],"wp:term":[{"taxonomy":"category","embeddable":true,"href":"https:\/\/www.administracionpublica.utalca.cl\/index.php?rest_route=%2Fwp%2Fv2%2Fcategories&post=1865"},{"taxonomy":"post_tag","embeddable":true,"href":"https:\/\/www.administracionpublica.utalca.cl\/index.php?rest_route=%2Fwp%2Fv2%2Ftags&post=1865"}],"curies":[{"name":"wp","href":"https:\/\/api.w.org\/{rel}","templated":true}]}}