{"id":1871,"date":"2025-05-15T21:14:15","date_gmt":"2025-05-15T21:14:15","guid":{"rendered":"https:\/\/www.administracionpublica.utalca.cl\/?p=1871"},"modified":"2025-05-15T21:14:15","modified_gmt":"2025-05-15T21:14:15","slug":"gran-convocatoria-tuvo-la-feria-del-libro-de-la-inclusion-y-diversidad-organizada-por-el-cedemi-en-la-utalca","status":"publish","type":"post","link":"https:\/\/www.administracionpublica.utalca.cl\/?p=1871","title":{"rendered":"Gran convocatoria tuvo la Feria del Libro de la Inclusi\u00f3n y Diversidad organizada por el CEDEMI en la UTalca"},"content":{"rendered":"<p>Vincularse con la comunidad utalina y vender a un m\u00f3dico precio libros relacionados a las \u00e1reas trabajadas por el Centro de Derecho de las Minor\u00edas y Gesti\u00f3n de la Diversidad (CEDEMI), fue el objetivo de la \u201cFeria del Libro de la Inclusi\u00f3n y Diversidad\u201d, organizada por el citado centro, este 15 de mayo.<\/p>\n<p>Otra de las finalidades de esta feria fue apoyar a los Centros de Estudiantes de las carreras de la Facultad de Ciencias Jur\u00eddicas y Sociales de la Universidad de Talca, que son Derecho y Administraci\u00f3n P\u00fablica, ya todos los recursos obtenidos fueron destinados a ellos.<\/p>\n<p>Al respecto, el Director del Centro de Derecho de las Minor\u00edas y Gesti\u00f3n de la Diversidad (CEDEMI), Jorge del Pic\u00f3 Rubio, indic\u00f3 que \u201cuno de los prop\u00f3sitos del centro es vincularse con los estudiantes y que ellos se acerquen a las tem\u00e1ticas del centro, obteniendo a su vez un beneficio para ellos mismos\u201d.<\/p>\n<p>Por su parte, la Subdirectora del CEDEMI, Fabiola Vergara Ceballos, destac\u00f3 que los m\u00e1s de 100 libros y revistas a disposici\u00f3n de la comunidad utalina \u201cfueron donados por profesoras y profesores de la universidad, algunos de su propiedad y otros de su autor\u00eda (\u2026) Esta es una forma de difundir dentro de la comunidad el quehacer del centro y tambi\u00e9n de vincularnos con las carreras y sus estudiantes\u201d.<\/p>\n<p>Por otro lado, el Secretario del Centro de Estudiantes de Administraci\u00f3n P\u00fablica, Talca, Rafael Vidal Rojal, expres\u00f3 estar \u201cmuy contento de haber sido incluidos en esta actividad, los profesores de Derecho se han comportado muy bien con nosotros. Es una iniciativa que fomenta la lectura entre las y los estudiantes de la universidad y a la vez es una forma de recaudar fondos para nuestro centro de estudiantes, de momento hemos tenido gran convocatoria\u201d.<\/p>\n<p>Finalmente, el Secretario del Centro de Estudiantes de Derecho, Talca, Tom\u00e1s Bardehle Acu\u00f1a, indic\u00f3 que \u201cesta actividad es una forma de acercarnos con los profesores\/as y tambi\u00e9n con los estudiantes de la otra carrera de la Facultad. La feria permiti\u00f3 que muchos estudiantes encontraran libros que los ayudar\u00e1n a complementar sus estudios y a encontrar sus \u00e1reas de inter\u00e9s. Adem\u00e1s esta actividad nos ayuda a recaudar fondos\u201d.<\/p>\n","protected":false},"excerpt":{"rendered":"<p>Vincularse con la comunidad utalina y vender a un m\u00f3dico precio libros relacionados a las \u00e1reas trabajadas por el Centro de Derecho de las Minor\u00edas y Gesti\u00f3n de la Diversidad (CEDEMI), fue el objetivo de la \u201cFeria del Libro de la Inclusi\u00f3n y Diversidad\u201d, organizada por el citado centro, este 15 de mayo. Otra de [&hellip;]<\/p>\n","protected":false},"author":2,"featured_media":1872,"comment_status":"open","ping_status":"open","sticky":false,"template":"","format":"standard","meta":[],"categories":[4],"tags":[],"_links":{"self":[{"href":"https:\/\/www.administracionpublica.utalca.cl\/index.php?rest_route=\/wp\/v2\/posts\/1871"}],"collection":[{"href":"https:\/\/www.administracionpublica.utalca.cl\/index.php?rest_route=\/wp\/v2\/posts"}],"about":[{"href":"https:\/\/www.administracionpublica.utalca.cl\/index.php?rest_route=\/wp\/v2\/types\/post"}],"author":[{"embeddable":true,"href":"https:\/\/www.administracionpublica.utalca.cl\/index.php?rest_route=\/wp\/v2\/users\/2"}],"replies":[{"embeddable":true,"href":"https:\/\/www.administracionpublica.utalca.cl\/index.php?rest_route=%2Fwp%2Fv2%2Fcomments&post=1871"}],"version-history":[{"count":1,"href":"https:\/\/www.administracionpublica.utalca.cl\/index.php?rest_route=\/wp\/v2\/posts\/1871\/revisions"}],"predecessor-version":[{"id":1873,"href":"https:\/\/www.administracionpublica.utalca.cl\/index.php?rest_route=\/wp\/v2\/posts\/1871\/revisions\/1873"}],"wp:featuredmedia":[{"embeddable":true,"href":"https:\/\/www.administracionpublica.utalca.cl\/index.php?rest_route=\/wp\/v2\/media\/1872"}],"wp:attachment":[{"href":"https:\/\/www.administracionpublica.utalca.cl\/index.php?rest_route=%2Fwp%2Fv2%2Fmedia&parent=1871"}],"wp:term":[{"taxonomy":"category","embeddable":true,"href":"https:\/\/www.administracionpublica.utalca.cl\/index.php?rest_route=%2Fwp%2Fv2%2Fcategories&post=1871"},{"taxonomy":"post_tag","embeddable":true,"href":"https:\/\/www.administracionpublica.utalca.cl\/index.php?rest_route=%2Fwp%2Fv2%2Ftags&post=1871"}],"curies":[{"name":"wp","href":"https:\/\/api.w.org\/{rel}","templated":true}]}}