{"id":1905,"date":"2025-10-20T17:44:10","date_gmt":"2025-10-20T17:44:10","guid":{"rendered":"https:\/\/www.administracionpublica.utalca.cl\/?p=1905"},"modified":"2025-10-20T18:06:21","modified_gmt":"2025-10-20T18:06:21","slug":"exalumna-y-seremi-de-la-mujer-y-la-equidad-de-genero-visito-la-escuela-de-administracion-publica-talca","status":"publish","type":"post","link":"https:\/\/www.administracionpublica.utalca.cl\/?p=1905","title":{"rendered":"Exalumna y SEREMI de la Mujer y la Equidad de G\u00e9nero visit\u00f3 la Escuela de Administraci\u00f3n P\u00fablica Talca"},"content":{"rendered":"<p>La SEREMI de la Mujer y la Equidad de G\u00e9nero de la Regi\u00f3n del Maule, Catalina Barahona Vergara, egresada de la carrera de Administraci\u00f3n P\u00fablica, sostuvo una visita protocolar a la Escuela de Ciencia Pol\u00edtica y Administraci\u00f3n P\u00fablica del Campus Talca. La autoridad fue recibida por el director Fernando Soto, con quien abord\u00f3 temas vinculados a la formaci\u00f3n profesional de los estudiantes, los desaf\u00edos del servicio p\u00fablico y las oportunidades de vinculaci\u00f3n institucional.<\/p>\n<p>Durante la reuni\u00f3n, se habl\u00f3 de los cambios implementados en la malla curricular de la carrera, los enfoques para proyectar el desarrollo laboral de los futuros profesionales y las competencias necesarias para asumir responsabilidades en el \u00e1mbito p\u00fablico. Asimismo, la SEREMI comparti\u00f3 experiencias de su paso por la universidad y se reencontr\u00f3 con quienes fueron parte de su formaci\u00f3n acad\u00e9mica.<\/p>\n<p>La instancia tambi\u00e9n cont\u00f3 con la participaci\u00f3n de Natalia Veliz Olivos, Directora de la Direcci\u00f3n de G\u00e9nero de la Universidad de Talca, con quien se convers\u00f3 sobre posibles actividades conjuntas, como capacitaciones, charlas y la habilitaci\u00f3n de espacios orientados a la prevenci\u00f3n de la violencia de g\u00e9nero. En este sentido, la autoridad manifest\u00f3 su disposici\u00f3n a facilitar, junto al SERNAMEG, la instalaci\u00f3n de puntos morados o una plazoleta ciudadana dentro del campus.<\/p>\n<p>Respecto al valor de la formaci\u00f3n recibida y la importancia de fortalecer los v\u00ednculos con la Universidad, Catalina Barahona se\u00f1al\u00f3 que \u201clos talentos de regi\u00f3n tienen que volver a su regi\u00f3n, esa es la mejor forma de hacer patria\u201d. En ese sentido, destac\u00f3 el rol de las instituciones p\u00fablicas de educaci\u00f3n superior en la descentralizaci\u00f3n y en la formaci\u00f3n de l\u00edderes comprometidos con las necesidades territoriales.<\/p>\n<p>Esta visita a la Escuela de Administraci\u00f3n P\u00fablica se suma a otra reuni\u00f3n sostenida recientemente con el nuevo Director Regional del SERNAC, Juan Diego Galaz Carvajal, instancia en la que tambi\u00e9n se abordaron oportunidades de colaboraci\u00f3n en \u00e1mbitos como pr\u00e1cticas profesionales, charlas a estudiantes y participaci\u00f3n en actividades conjuntas.<\/p>\n","protected":false},"excerpt":{"rendered":"<p>La SEREMI de la Mujer y la Equidad de G\u00e9nero de la Regi\u00f3n del Maule, Catalina Barahona Vergara, egresada de la carrera de Administraci\u00f3n P\u00fablica, sostuvo una visita protocolar a la Escuela de Ciencia Pol\u00edtica y Administraci\u00f3n P\u00fablica del Campus Talca. La autoridad fue recibida por el director Fernando Soto, con quien abord\u00f3 temas vinculados [&hellip;]<\/p>\n","protected":false},"author":2,"featured_media":1906,"comment_status":"open","ping_status":"open","sticky":false,"template":"","format":"standard","meta":[],"categories":[4],"tags":[],"_links":{"self":[{"href":"https:\/\/www.administracionpublica.utalca.cl\/index.php?rest_route=\/wp\/v2\/posts\/1905"}],"collection":[{"href":"https:\/\/www.administracionpublica.utalca.cl\/index.php?rest_route=\/wp\/v2\/posts"}],"about":[{"href":"https:\/\/www.administracionpublica.utalca.cl\/index.php?rest_route=\/wp\/v2\/types\/post"}],"author":[{"embeddable":true,"href":"https:\/\/www.administracionpublica.utalca.cl\/index.php?rest_route=\/wp\/v2\/users\/2"}],"replies":[{"embeddable":true,"href":"https:\/\/www.administracionpublica.utalca.cl\/index.php?rest_route=%2Fwp%2Fv2%2Fcomments&post=1905"}],"version-history":[{"count":1,"href":"https:\/\/www.administracionpublica.utalca.cl\/index.php?rest_route=\/wp\/v2\/posts\/1905\/revisions"}],"predecessor-version":[{"id":1907,"href":"https:\/\/www.administracionpublica.utalca.cl\/index.php?rest_route=\/wp\/v2\/posts\/1905\/revisions\/1907"}],"wp:featuredmedia":[{"embeddable":true,"href":"https:\/\/www.administracionpublica.utalca.cl\/index.php?rest_route=\/wp\/v2\/media\/1906"}],"wp:attachment":[{"href":"https:\/\/www.administracionpublica.utalca.cl\/index.php?rest_route=%2Fwp%2Fv2%2Fmedia&parent=1905"}],"wp:term":[{"taxonomy":"category","embeddable":true,"href":"https:\/\/www.administracionpublica.utalca.cl\/index.php?rest_route=%2Fwp%2Fv2%2Fcategories&post=1905"},{"taxonomy":"post_tag","embeddable":true,"href":"https:\/\/www.administracionpublica.utalca.cl\/index.php?rest_route=%2Fwp%2Fv2%2Ftags&post=1905"}],"curies":[{"name":"wp","href":"https:\/\/api.w.org\/{rel}","templated":true}]}}