{"id":1915,"date":"2025-10-23T19:07:31","date_gmt":"2025-10-23T19:07:31","guid":{"rendered":"https:\/\/www.administracionpublica.utalca.cl\/?p=1915"},"modified":"2025-10-23T19:16:54","modified_gmt":"2025-10-23T19:16:54","slug":"la-carrera-de-administracion-publica-presento-nuevo-plan-de-formacion","status":"publish","type":"post","link":"https:\/\/www.administracionpublica.utalca.cl\/?p=1915","title":{"rendered":"La carrera de Administraci\u00f3n P\u00fablica present\u00f3 nuevo plan de formaci\u00f3n"},"content":{"rendered":"<p>La carrera de Administraci\u00f3n P\u00fablica present\u00f3 su nueva malla curricular, orientada a fortalecer las competencias de sus estudiantes frente a los desaf\u00edos actuales de la gesti\u00f3n p\u00fablica.<\/p>\n<p>Los detalles fueron dados a conocer en una charla realizada el mi\u00e9rcoles 15 de octubre en el auditorio Enrique Mac-Iver de la Facultad de Ciencias Jur\u00eddicas y Sociales, instancia en la que participaron el Decano Iv\u00e1n Obando, el Director de Escuela Talca, Fernando Soto, el Director del Departamento de Ciencia Pol\u00edtica y Administraci\u00f3n P\u00fablica, Mario Herrera, y la profesora Alejandra M\u00e1rquez.<\/p>\n<p>El nuevo plan de estudios busca abarcar de mejor manera los distintos perfiles profesionales que puede desarrollar un administrador p\u00fablico, incorporando una formaci\u00f3n m\u00e1s pr\u00e1ctica, interdisciplinaria y ajustada a las necesidades del sector. En ese sentido, cursos que anteriormente eran electivos y contaban con alta valoraci\u00f3n por parte de los estudiantes pasaron a formar parte de la malla obligatoria, fortaleciendo \u00e1reas clave para el ejercicio profesional.<\/p>\n<p>&nbsp;<\/p>\n","protected":false},"excerpt":{"rendered":"<p>La carrera de Administraci\u00f3n P\u00fablica present\u00f3 su nueva malla curricular, orientada a fortalecer las competencias de sus estudiantes frente a los desaf\u00edos actuales de la gesti\u00f3n p\u00fablica. Los detalles fueron dados a conocer en una charla realizada el mi\u00e9rcoles 15 de octubre en el auditorio Enrique Mac-Iver de la Facultad de Ciencias Jur\u00eddicas y Sociales, [&hellip;]<\/p>\n","protected":false},"author":2,"featured_media":1916,"comment_status":"open","ping_status":"open","sticky":false,"template":"","format":"standard","meta":[],"categories":[4],"tags":[],"_links":{"self":[{"href":"https:\/\/www.administracionpublica.utalca.cl\/index.php?rest_route=\/wp\/v2\/posts\/1915"}],"collection":[{"href":"https:\/\/www.administracionpublica.utalca.cl\/index.php?rest_route=\/wp\/v2\/posts"}],"about":[{"href":"https:\/\/www.administracionpublica.utalca.cl\/index.php?rest_route=\/wp\/v2\/types\/post"}],"author":[{"embeddable":true,"href":"https:\/\/www.administracionpublica.utalca.cl\/index.php?rest_route=\/wp\/v2\/users\/2"}],"replies":[{"embeddable":true,"href":"https:\/\/www.administracionpublica.utalca.cl\/index.php?rest_route=%2Fwp%2Fv2%2Fcomments&post=1915"}],"version-history":[{"count":1,"href":"https:\/\/www.administracionpublica.utalca.cl\/index.php?rest_route=\/wp\/v2\/posts\/1915\/revisions"}],"predecessor-version":[{"id":1917,"href":"https:\/\/www.administracionpublica.utalca.cl\/index.php?rest_route=\/wp\/v2\/posts\/1915\/revisions\/1917"}],"wp:featuredmedia":[{"embeddable":true,"href":"https:\/\/www.administracionpublica.utalca.cl\/index.php?rest_route=\/wp\/v2\/media\/1916"}],"wp:attachment":[{"href":"https:\/\/www.administracionpublica.utalca.cl\/index.php?rest_route=%2Fwp%2Fv2%2Fmedia&parent=1915"}],"wp:term":[{"taxonomy":"category","embeddable":true,"href":"https:\/\/www.administracionpublica.utalca.cl\/index.php?rest_route=%2Fwp%2Fv2%2Fcategories&post=1915"},{"taxonomy":"post_tag","embeddable":true,"href":"https:\/\/www.administracionpublica.utalca.cl\/index.php?rest_route=%2Fwp%2Fv2%2Ftags&post=1915"}],"curies":[{"name":"wp","href":"https:\/\/api.w.org\/{rel}","templated":true}]}}