{"id":192,"date":"2021-04-27T03:51:08","date_gmt":"2021-04-27T03:51:08","guid":{"rendered":"http:\/\/www.administracionpublica.utalca.cl\/?p=192"},"modified":"2021-04-27T03:51:08","modified_gmt":"2021-04-27T03:51:08","slug":"facultad-de-ciencias-juridicas-y-sociales-en-medios","status":"publish","type":"post","link":"https:\/\/www.administracionpublica.utalca.cl\/?p=192","title":{"rendered":"Facultad de Ciencias Jur\u00eddicas y Sociales en Medios"},"content":{"rendered":"<p>Prof. Mario Herrera, de la Escuela de Administraci\u00f3n P\u00fablica, comenta en ADPRENSA.CL, sobre los efectos de la postergaci\u00f3n de las elecciones.<\/p>\n<p>Revisa la nota completa en <a href=\"https:\/\/www.adprensa.cl\/politica\/analista-politico-explica-efectos-de-la-postergacion-de-las-elecciones\/\">https:\/\/www.adprensa.cl\/<\/a><\/p>\n","protected":false},"excerpt":{"rendered":"<p>Prof. Mario Herrera, de la Escuela de Administraci\u00f3n P\u00fablica, comenta en ADPRENSA.CL, sobre los efectos de la postergaci\u00f3n de las elecciones. Revisa la nota completa en https:\/\/www.adprensa.cl\/<\/p>\n","protected":false},"author":1,"featured_media":195,"comment_status":"open","ping_status":"open","sticky":false,"template":"","format":"standard","meta":[],"categories":[4],"tags":[],"_links":{"self":[{"href":"https:\/\/www.administracionpublica.utalca.cl\/index.php?rest_route=\/wp\/v2\/posts\/192"}],"collection":[{"href":"https:\/\/www.administracionpublica.utalca.cl\/index.php?rest_route=\/wp\/v2\/posts"}],"about":[{"href":"https:\/\/www.administracionpublica.utalca.cl\/index.php?rest_route=\/wp\/v2\/types\/post"}],"author":[{"embeddable":true,"href":"https:\/\/www.administracionpublica.utalca.cl\/index.php?rest_route=\/wp\/v2\/users\/1"}],"replies":[{"embeddable":true,"href":"https:\/\/www.administracionpublica.utalca.cl\/index.php?rest_route=%2Fwp%2Fv2%2Fcomments&post=192"}],"version-history":[{"count":1,"href":"https:\/\/www.administracionpublica.utalca.cl\/index.php?rest_route=\/wp\/v2\/posts\/192\/revisions"}],"predecessor-version":[{"id":196,"href":"https:\/\/www.administracionpublica.utalca.cl\/index.php?rest_route=\/wp\/v2\/posts\/192\/revisions\/196"}],"wp:featuredmedia":[{"embeddable":true,"href":"https:\/\/www.administracionpublica.utalca.cl\/index.php?rest_route=\/wp\/v2\/media\/195"}],"wp:attachment":[{"href":"https:\/\/www.administracionpublica.utalca.cl\/index.php?rest_route=%2Fwp%2Fv2%2Fmedia&parent=192"}],"wp:term":[{"taxonomy":"category","embeddable":true,"href":"https:\/\/www.administracionpublica.utalca.cl\/index.php?rest_route=%2Fwp%2Fv2%2Fcategories&post=192"},{"taxonomy":"post_tag","embeddable":true,"href":"https:\/\/www.administracionpublica.utalca.cl\/index.php?rest_route=%2Fwp%2Fv2%2Ftags&post=192"}],"curies":[{"name":"wp","href":"https:\/\/api.w.org\/{rel}","templated":true}]}}