{"id":1926,"date":"2025-11-11T20:43:17","date_gmt":"2025-11-11T20:43:17","guid":{"rendered":"https:\/\/www.administracionpublica.utalca.cl\/?p=1926"},"modified":"2025-11-11T20:43:17","modified_gmt":"2025-11-11T20:43:17","slug":"estudiantes-de-administracion-publica-participaron-en-el-37-congreso-nacional-de-la-feneap","status":"publish","type":"post","link":"https:\/\/www.administracionpublica.utalca.cl\/?p=1926","title":{"rendered":"Estudiantes de Administraci\u00f3n P\u00fablica participaron en el 37\u00b0 Congreso Nacional de la FENEAP"},"content":{"rendered":"<p>Por primera vez, la Escuela de Administraci\u00f3n P\u00fablica de la Universidad de Talca particip\u00f3 como miembro oficial en el 37\u00b0 Congreso Nacional de la Federaci\u00f3n Nacional de Estudiantes de Administraci\u00f3n P\u00fablica (FENEAP), encuentro que reuni\u00f3 a representantes de nueve universidades del pa\u00eds.<\/p>\n<p>La delegaci\u00f3n de la UTalca compiti\u00f3 en el torneo de debate y present\u00f3 la investigaci\u00f3n \u201cPublicidad y transparencia en los Gobiernos Regionales: antecedentes que explican su desempe\u00f1o y los desaf\u00edos actuales en la \u00e9tica y probidad en el contexto regional\u201d, trabajo que fue ampliamente valorado por los acad\u00e9micos evaluadores. El profesor Mario Herrera Mu\u00f1oz, del Departamento de Ciencia Pol\u00edtica y Administraci\u00f3n P\u00fablica, particip\u00f3 adem\u00e1s como docente evaluador en distintas instancias del congreso.<\/p>\n<p>\u201cEl Congreso FENEAP es una instancia en la que se re\u00fanen estudiantes de Administraci\u00f3n P\u00fablica de distintas universidades del pa\u00eds. Estoy profundamente orgulloso del trabajo realizado por nuestros estudiantes, que refleja su compromiso, la preparaci\u00f3n realizada junto a los profesores y la s\u00f3lida formaci\u00f3n que reciben en nuestra carrera\u201d, se\u00f1al\u00f3 el profesor Herrera.<\/p>\n<p>Por su parte, Sergio Mu\u00f1oz Cofr\u00e9, consejero FENEAP de la UTalca, destac\u00f3 que \u201chaber participado fue una experiencia totalmente enriquecedora, que nos permiti\u00f3 integrarnos al escenario nacional de la carrera, compartir con estudiantes de todo el pa\u00eds y representar con orgullo a nuestra escuela\u201d.<\/p>\n<p>Durante el encuentro se anunci\u00f3, adem\u00e1s, que el campus Lircay ser\u00e1 sede de la pr\u00f3xima \u201cCopa AP\u201d, torneo deportivo anual de la Federaci\u00f3n, lo que consolida la presencia y proyecci\u00f3n nacional de la carrera de Administraci\u00f3n P\u00fablica de la Universidad de Talca.<\/p>\n","protected":false},"excerpt":{"rendered":"<p>Por primera vez, la Escuela de Administraci\u00f3n P\u00fablica de la Universidad de Talca particip\u00f3 como miembro oficial en el 37\u00b0 Congreso Nacional de la Federaci\u00f3n Nacional de Estudiantes de Administraci\u00f3n P\u00fablica (FENEAP), encuentro que reuni\u00f3 a representantes de nueve universidades del pa\u00eds. La delegaci\u00f3n de la UTalca compiti\u00f3 en el torneo de debate y present\u00f3 [&hellip;]<\/p>\n","protected":false},"author":2,"featured_media":1928,"comment_status":"open","ping_status":"open","sticky":false,"template":"","format":"standard","meta":[],"categories":[4],"tags":[],"_links":{"self":[{"href":"https:\/\/www.administracionpublica.utalca.cl\/index.php?rest_route=\/wp\/v2\/posts\/1926"}],"collection":[{"href":"https:\/\/www.administracionpublica.utalca.cl\/index.php?rest_route=\/wp\/v2\/posts"}],"about":[{"href":"https:\/\/www.administracionpublica.utalca.cl\/index.php?rest_route=\/wp\/v2\/types\/post"}],"author":[{"embeddable":true,"href":"https:\/\/www.administracionpublica.utalca.cl\/index.php?rest_route=\/wp\/v2\/users\/2"}],"replies":[{"embeddable":true,"href":"https:\/\/www.administracionpublica.utalca.cl\/index.php?rest_route=%2Fwp%2Fv2%2Fcomments&post=1926"}],"version-history":[{"count":1,"href":"https:\/\/www.administracionpublica.utalca.cl\/index.php?rest_route=\/wp\/v2\/posts\/1926\/revisions"}],"predecessor-version":[{"id":1929,"href":"https:\/\/www.administracionpublica.utalca.cl\/index.php?rest_route=\/wp\/v2\/posts\/1926\/revisions\/1929"}],"wp:featuredmedia":[{"embeddable":true,"href":"https:\/\/www.administracionpublica.utalca.cl\/index.php?rest_route=\/wp\/v2\/media\/1928"}],"wp:attachment":[{"href":"https:\/\/www.administracionpublica.utalca.cl\/index.php?rest_route=%2Fwp%2Fv2%2Fmedia&parent=1926"}],"wp:term":[{"taxonomy":"category","embeddable":true,"href":"https:\/\/www.administracionpublica.utalca.cl\/index.php?rest_route=%2Fwp%2Fv2%2Fcategories&post=1926"},{"taxonomy":"post_tag","embeddable":true,"href":"https:\/\/www.administracionpublica.utalca.cl\/index.php?rest_route=%2Fwp%2Fv2%2Ftags&post=1926"}],"curies":[{"name":"wp","href":"https:\/\/api.w.org\/{rel}","templated":true}]}}