{"id":199,"date":"2021-04-27T03:54:39","date_gmt":"2021-04-27T03:54:39","guid":{"rendered":"http:\/\/www.administracionpublica.utalca.cl\/?p=199"},"modified":"2021-04-27T03:54:39","modified_gmt":"2021-04-27T03:54:39","slug":"inauguracion-ano-academico-2021","status":"publish","type":"post","link":"https:\/\/www.administracionpublica.utalca.cl\/?p=199","title":{"rendered":"Inauguraci\u00f3n A\u00f1o Acad\u00e9mico 2021"},"content":{"rendered":"<p>Dr. Josep Maria Castell\u00e0 Andreu, catedr\u00e1tico de la Universidad de Barcelona, dictar\u00e1 la conferencia \u201cCambio Constitucional: una visi\u00f3n del derecho comparado\u201d, lunes 19 de abril, a partir de las 12.00 h, a trav\u00e9s de la plataforma Zoom y streaming.<\/p>\n<p><a href=\"https:\/\/www.facebook.com\/1426550820766902\/videos\/2503685046592987\" target=\"_blank\" rel=\"noopener\">Link Inauguraci\u00f3n<\/a><\/p>\n<p>&nbsp;<\/p>\n","protected":false},"excerpt":{"rendered":"<p>Dr. Josep Maria Castell\u00e0 Andreu, catedr\u00e1tico de la Universidad de Barcelona, dictar\u00e1 la conferencia \u201cCambio Constitucional: una visi\u00f3n del derecho comparado\u201d, lunes 19 de abril, a partir de las 12.00 h, a trav\u00e9s de la plataforma Zoom y streaming. Link Inauguraci\u00f3n &nbsp;<\/p>\n","protected":false},"author":1,"featured_media":193,"comment_status":"open","ping_status":"open","sticky":false,"template":"","format":"standard","meta":[],"categories":[4],"tags":[],"_links":{"self":[{"href":"https:\/\/www.administracionpublica.utalca.cl\/index.php?rest_route=\/wp\/v2\/posts\/199"}],"collection":[{"href":"https:\/\/www.administracionpublica.utalca.cl\/index.php?rest_route=\/wp\/v2\/posts"}],"about":[{"href":"https:\/\/www.administracionpublica.utalca.cl\/index.php?rest_route=\/wp\/v2\/types\/post"}],"author":[{"embeddable":true,"href":"https:\/\/www.administracionpublica.utalca.cl\/index.php?rest_route=\/wp\/v2\/users\/1"}],"replies":[{"embeddable":true,"href":"https:\/\/www.administracionpublica.utalca.cl\/index.php?rest_route=%2Fwp%2Fv2%2Fcomments&post=199"}],"version-history":[{"count":1,"href":"https:\/\/www.administracionpublica.utalca.cl\/index.php?rest_route=\/wp\/v2\/posts\/199\/revisions"}],"predecessor-version":[{"id":200,"href":"https:\/\/www.administracionpublica.utalca.cl\/index.php?rest_route=\/wp\/v2\/posts\/199\/revisions\/200"}],"wp:featuredmedia":[{"embeddable":true,"href":"https:\/\/www.administracionpublica.utalca.cl\/index.php?rest_route=\/wp\/v2\/media\/193"}],"wp:attachment":[{"href":"https:\/\/www.administracionpublica.utalca.cl\/index.php?rest_route=%2Fwp%2Fv2%2Fmedia&parent=199"}],"wp:term":[{"taxonomy":"category","embeddable":true,"href":"https:\/\/www.administracionpublica.utalca.cl\/index.php?rest_route=%2Fwp%2Fv2%2Fcategories&post=199"},{"taxonomy":"post_tag","embeddable":true,"href":"https:\/\/www.administracionpublica.utalca.cl\/index.php?rest_route=%2Fwp%2Fv2%2Ftags&post=199"}],"curies":[{"name":"wp","href":"https:\/\/api.w.org\/{rel}","templated":true}]}}