{"id":263,"date":"2021-10-29T15:11:14","date_gmt":"2021-10-29T15:11:14","guid":{"rendered":"http:\/\/www.administracionpublica.utalca.cl\/?p=263"},"modified":"2021-11-25T12:59:22","modified_gmt":"2021-11-25T12:59:22","slug":"alumnos-de-la-generacion-2020-y-2021-de-la-carrera-de-administracion-publica-visitaron-su-escuela-y-la-universidad","status":"publish","type":"post","link":"https:\/\/www.administracionpublica.utalca.cl\/?p=263","title":{"rendered":"Alumnos de la generaci\u00f3n 2020 y 2021 de la carrera de Administraci\u00f3n P\u00fablica visitaron su Escuela y la Universidad"},"content":{"rendered":"<p>&nbsp;<\/p>\n<p>Una visita guiada fue la que realizaron alumnos pertenecientes a la Escuela de Ciencia Pol\u00edtica y Administraci\u00f3n P\u00fablica. As\u00ed lo detall\u00f3 el profesor Fernando Soto Ram\u00edrez, quien dijo que \u201cestas actividades las estamos realizado desde la semana previa al receso en la que nos visitaron alumnos de la generaci\u00f3n 2020 y esta semana en curso, nos han visitado alumnos de la generaci\u00f3n 2021\u201d.<\/p>\n<p>En efecto, los alumnos de la generaci\u00f3n 2020 visitaron la Universidad el 10 de septiembre pasado y \u201cla idea es que los alumnos que no han tenido la oportunidad de conocer la Escuela y las dependencias de la Universidad, a efectos de la Pandemia, puedan hacerlo a trav\u00e9s de estas reuniones de acercamiento\u201d, subray\u00f3 el decano de la Facultad de Ciencias Jur\u00eddicas y Sociales, Rodrigo Palomo V\u00e9lez, quien encabez\u00f3 esta actividad con los alumnos.<\/p>\n<p>En este tenor, este viernes 24 de septiembre, fueron recibidos los alumnos de la generaci\u00f3n 2021 quienes participaron de una visita guiada para conocer las dependencias de su Escuela, de la Universidad y compartir con algunos docentes.<\/p>\n","protected":false},"excerpt":{"rendered":"<p>&nbsp; Una visita guiada fue la que realizaron alumnos pertenecientes a la Escuela de Ciencia Pol\u00edtica y Administraci\u00f3n P\u00fablica. As\u00ed lo detall\u00f3 el profesor Fernando Soto Ram\u00edrez, quien dijo que \u201cestas actividades las estamos realizado desde la semana previa al receso en la que nos visitaron alumnos de la generaci\u00f3n 2020 y esta semana en [&hellip;]<\/p>\n","protected":false},"author":2,"featured_media":264,"comment_status":"open","ping_status":"open","sticky":false,"template":"","format":"standard","meta":[],"categories":[4],"tags":[],"_links":{"self":[{"href":"https:\/\/www.administracionpublica.utalca.cl\/index.php?rest_route=\/wp\/v2\/posts\/263"}],"collection":[{"href":"https:\/\/www.administracionpublica.utalca.cl\/index.php?rest_route=\/wp\/v2\/posts"}],"about":[{"href":"https:\/\/www.administracionpublica.utalca.cl\/index.php?rest_route=\/wp\/v2\/types\/post"}],"author":[{"embeddable":true,"href":"https:\/\/www.administracionpublica.utalca.cl\/index.php?rest_route=\/wp\/v2\/users\/2"}],"replies":[{"embeddable":true,"href":"https:\/\/www.administracionpublica.utalca.cl\/index.php?rest_route=%2Fwp%2Fv2%2Fcomments&post=263"}],"version-history":[{"count":2,"href":"https:\/\/www.administracionpublica.utalca.cl\/index.php?rest_route=\/wp\/v2\/posts\/263\/revisions"}],"predecessor-version":[{"id":292,"href":"https:\/\/www.administracionpublica.utalca.cl\/index.php?rest_route=\/wp\/v2\/posts\/263\/revisions\/292"}],"wp:featuredmedia":[{"embeddable":true,"href":"https:\/\/www.administracionpublica.utalca.cl\/index.php?rest_route=\/wp\/v2\/media\/264"}],"wp:attachment":[{"href":"https:\/\/www.administracionpublica.utalca.cl\/index.php?rest_route=%2Fwp%2Fv2%2Fmedia&parent=263"}],"wp:term":[{"taxonomy":"category","embeddable":true,"href":"https:\/\/www.administracionpublica.utalca.cl\/index.php?rest_route=%2Fwp%2Fv2%2Fcategories&post=263"},{"taxonomy":"post_tag","embeddable":true,"href":"https:\/\/www.administracionpublica.utalca.cl\/index.php?rest_route=%2Fwp%2Fv2%2Ftags&post=263"}],"curies":[{"name":"wp","href":"https:\/\/api.w.org\/{rel}","templated":true}]}}