{"id":294,"date":"2021-11-25T13:02:40","date_gmt":"2021-11-25T13:02:40","guid":{"rendered":"http:\/\/www.administracionpublica.utalca.cl\/?p=294"},"modified":"2021-11-25T13:02:40","modified_gmt":"2021-11-25T13:02:40","slug":"debate-presidencial-esto-fue-mas-un-ring-que-un-debate-dijo-el-analista-del-cap-de-la-universidad-de-talca-mauricio-morales","status":"publish","type":"post","link":"https:\/\/www.administracionpublica.utalca.cl\/?p=294","title":{"rendered":"Debate Presidencial: Esto fue m\u00e1s un ring que un debate, dijo el analista del CAP de la Universidad de Talca, Mauricio Morales"},"content":{"rendered":"<p>Mauricio Morales, doctor en Ciencia Pol\u00edtica y analista pol\u00edtico, realiz\u00f3 un exhaustivo an\u00e1lisis del debate presidencial se\u00f1alando que \u00abpor un momento esto fue m\u00e1s un ring que un debate presidencial. En lo personal, no me gust\u00f3 del todo el nuevo formato\u00bb y asimismo, el analista dijo que se trat\u00f3 de un evento sin grandes ganadores.<\/p>\n<p><strong>Apreciaciones sobre los presidenciables<\/strong><\/p>\n<p><strong>Yasna Provoste<\/strong><br \/>\n\u00abProvoste pertenece a una de las coaliciones m\u00e1s poderosas en cuanto a votos. No es una coalici\u00f3n que est\u00e9 muerta. Provoste dio varios golpes, sac\u00f3 a relucir la participaci\u00f3n del PC en Apruebo Dignidad para encarar a Boric\u00bb, se\u00f1al\u00f3 Mauricio Morales.<br \/>\n\u00abLe mand\u00f3 un mensaje particular a las mujeres de Chile. Las mujeres est\u00e1n cada vez participando m\u00e1s en pol\u00edtica, y a eso est\u00e1 aspirando Yasna Provoste siendo la \u00fanica mujer dentro de la papeleta\u00bb, agreg\u00f3 el analista sobre el primer debate presidencial .<\/p>\n<p><strong>Sebasti\u00e1n Sichel<\/strong><br \/>\n\u00abA Sichel le incomod\u00f3 el formato. Evit\u00f3 la pol\u00e9mica hasta donde pudo y trat\u00f3 mal a la pol\u00edtica. Fue el que sali\u00f3 m\u00e1s da\u00f1ado del debate, sin ganas ni cifras\u00bb, concluy\u00f3 Morales sobre el desempe\u00f1o del candidato de Chile Podemos M\u00e1s.<\/p>\n<p><strong>Gabriel Boric<\/strong><br \/>\n\u00abBoric sabe que tiene un pie y medio en la segunda vuelta, no sali\u00f3 da\u00f1ado en el debate, reconoci\u00f3 errores. La candidatura de Boric naci\u00f3 como una respuesta a la candidatura de Jadue. Descans\u00f3 harto en Art\u00e9s para hacer la tarea de enfrentar a Kast\u00bb, coment\u00f3 el analista.<\/p>\n<p><strong>Jos\u00e9 Antonio Kast<\/strong><br \/>\n\u00abKast sabe muy bien lo que tiene que hacer en un debate as\u00ed. Sabe tocar perfectamente las teclas de cada uno de los candidatos. Se fue contra Boric porque un elector de derecha quiere ver un enfrentamiento con la izquierda\u00bb, enfatiz\u00f3 Mauricio Morales.<\/p>\n<p><strong>Eduardo Art\u00e9s<\/strong><br \/>\nFinalmente, Morales dijo que \u00abEduardo Art\u00e9s es una candidatura marginal en esta carrera. Es una candidatura que est\u00e1 cercana a los a\u00f1os 60 que a la actualidad, no hay mucho que decir de su campa\u00f1a\u00bb.<\/p>\n","protected":false},"excerpt":{"rendered":"<p>Mauricio Morales, doctor en Ciencia Pol\u00edtica y analista pol\u00edtico, realiz\u00f3 un exhaustivo an\u00e1lisis del debate presidencial se\u00f1alando que \u00abpor un momento esto fue m\u00e1s un ring que un debate presidencial. En lo personal, no me gust\u00f3 del todo el nuevo formato\u00bb y asimismo, el analista dijo que se trat\u00f3 de un evento sin grandes ganadores. [&hellip;]<\/p>\n","protected":false},"author":2,"featured_media":295,"comment_status":"open","ping_status":"open","sticky":false,"template":"","format":"standard","meta":[],"categories":[1],"tags":[],"_links":{"self":[{"href":"https:\/\/www.administracionpublica.utalca.cl\/index.php?rest_route=\/wp\/v2\/posts\/294"}],"collection":[{"href":"https:\/\/www.administracionpublica.utalca.cl\/index.php?rest_route=\/wp\/v2\/posts"}],"about":[{"href":"https:\/\/www.administracionpublica.utalca.cl\/index.php?rest_route=\/wp\/v2\/types\/post"}],"author":[{"embeddable":true,"href":"https:\/\/www.administracionpublica.utalca.cl\/index.php?rest_route=\/wp\/v2\/users\/2"}],"replies":[{"embeddable":true,"href":"https:\/\/www.administracionpublica.utalca.cl\/index.php?rest_route=%2Fwp%2Fv2%2Fcomments&post=294"}],"version-history":[{"count":2,"href":"https:\/\/www.administracionpublica.utalca.cl\/index.php?rest_route=\/wp\/v2\/posts\/294\/revisions"}],"predecessor-version":[{"id":297,"href":"https:\/\/www.administracionpublica.utalca.cl\/index.php?rest_route=\/wp\/v2\/posts\/294\/revisions\/297"}],"wp:featuredmedia":[{"embeddable":true,"href":"https:\/\/www.administracionpublica.utalca.cl\/index.php?rest_route=\/wp\/v2\/media\/295"}],"wp:attachment":[{"href":"https:\/\/www.administracionpublica.utalca.cl\/index.php?rest_route=%2Fwp%2Fv2%2Fmedia&parent=294"}],"wp:term":[{"taxonomy":"category","embeddable":true,"href":"https:\/\/www.administracionpublica.utalca.cl\/index.php?rest_route=%2Fwp%2Fv2%2Fcategories&post=294"},{"taxonomy":"post_tag","embeddable":true,"href":"https:\/\/www.administracionpublica.utalca.cl\/index.php?rest_route=%2Fwp%2Fv2%2Ftags&post=294"}],"curies":[{"name":"wp","href":"https:\/\/api.w.org\/{rel}","templated":true}]}}