{"id":305,"date":"2021-11-25T14:57:19","date_gmt":"2021-11-25T14:57:19","guid":{"rendered":"http:\/\/www.administracionpublica.utalca.cl\/?p=305"},"modified":"2021-11-25T14:57:19","modified_gmt":"2021-11-25T14:57:19","slug":"mauricio-morales-director-del-cap-se-refiere-a-las-sesiones-fallidas-de-la-convencion","status":"publish","type":"post","link":"https:\/\/www.administracionpublica.utalca.cl\/?p=305","title":{"rendered":"Mauricio Morales, Director del CAP, se refiere a las sesiones fallidas de la Convenci\u00f3n"},"content":{"rendered":"<p>Luego que de por segundo d\u00eda consecutivo la Convenci\u00f3n Constitucional no haya podido iniciar las sesiones que ten\u00eda agendada por problemas t\u00e9cnicos, el Cientista pol\u00edtico y acad\u00e9mico de la Universidad de Talca Mauricio Morales califico estos inconvenientes como un error gigantesco.<\/p>\n<p>Para Morales los hechos que impidieron el trabajo el \u00f3rgano constitucional podr\u00eda ser causal para escalar en una crisis pol\u00edtica ya que se podr\u00eda configurar el notable abandono de deberes por parte del Gobierno y de esta manera dar pie a la posibilidad de una Acusaci\u00f3n Constitucional contra el ministro de la Secretar\u00eda General de la Presidencia Juan Jos\u00e9 Ossa e incluso al Presidente de la Rep\u00fablica Sebasti\u00e1n Pi\u00f1era.<\/p>\n<p>Sostuvo que la responsabilidad es exclusiva del Ejecutivo ya que por mandato constitucional est\u00e1n encargados de entregar el apoyo t\u00e9cnico, administrativo y financiero para la instalaci\u00f3n y el funcionamiento del \u00f3rgano constituyente.<\/p>\n","protected":false},"excerpt":{"rendered":"<p>Luego que de por segundo d\u00eda consecutivo la Convenci\u00f3n Constitucional no haya podido iniciar las sesiones que ten\u00eda agendada por problemas t\u00e9cnicos, el Cientista pol\u00edtico y acad\u00e9mico de la Universidad de Talca Mauricio Morales califico estos inconvenientes como un error gigantesco. Para Morales los hechos que impidieron el trabajo el \u00f3rgano constitucional podr\u00eda ser causal [&hellip;]<\/p>\n","protected":false},"author":2,"featured_media":306,"comment_status":"open","ping_status":"open","sticky":false,"template":"","format":"standard","meta":[],"categories":[1],"tags":[],"_links":{"self":[{"href":"https:\/\/www.administracionpublica.utalca.cl\/index.php?rest_route=\/wp\/v2\/posts\/305"}],"collection":[{"href":"https:\/\/www.administracionpublica.utalca.cl\/index.php?rest_route=\/wp\/v2\/posts"}],"about":[{"href":"https:\/\/www.administracionpublica.utalca.cl\/index.php?rest_route=\/wp\/v2\/types\/post"}],"author":[{"embeddable":true,"href":"https:\/\/www.administracionpublica.utalca.cl\/index.php?rest_route=\/wp\/v2\/users\/2"}],"replies":[{"embeddable":true,"href":"https:\/\/www.administracionpublica.utalca.cl\/index.php?rest_route=%2Fwp%2Fv2%2Fcomments&post=305"}],"version-history":[{"count":1,"href":"https:\/\/www.administracionpublica.utalca.cl\/index.php?rest_route=\/wp\/v2\/posts\/305\/revisions"}],"predecessor-version":[{"id":307,"href":"https:\/\/www.administracionpublica.utalca.cl\/index.php?rest_route=\/wp\/v2\/posts\/305\/revisions\/307"}],"wp:featuredmedia":[{"embeddable":true,"href":"https:\/\/www.administracionpublica.utalca.cl\/index.php?rest_route=\/wp\/v2\/media\/306"}],"wp:attachment":[{"href":"https:\/\/www.administracionpublica.utalca.cl\/index.php?rest_route=%2Fwp%2Fv2%2Fmedia&parent=305"}],"wp:term":[{"taxonomy":"category","embeddable":true,"href":"https:\/\/www.administracionpublica.utalca.cl\/index.php?rest_route=%2Fwp%2Fv2%2Fcategories&post=305"},{"taxonomy":"post_tag","embeddable":true,"href":"https:\/\/www.administracionpublica.utalca.cl\/index.php?rest_route=%2Fwp%2Fv2%2Ftags&post=305"}],"curies":[{"name":"wp","href":"https:\/\/api.w.org\/{rel}","templated":true}]}}