{"id":330,"date":"2022-03-01T20:53:59","date_gmt":"2022-03-01T20:53:59","guid":{"rendered":"http:\/\/www.administracionpublica.utalca.cl\/?p=330"},"modified":"2022-03-01T20:53:59","modified_gmt":"2022-03-01T20:53:59","slug":"44-nuevos-alumnos-de-la-carrera-de-administracion-publica-fueron-recibidos-por-docentes-y-alumnos-en-el-campus-talca","status":"publish","type":"post","link":"https:\/\/www.administracionpublica.utalca.cl\/?p=330","title":{"rendered":"44 nuevos alumnos de la carrera de Administraci\u00f3n P\u00fablica fueron recibidos por Docentes y Alumnos en el Campus Talca"},"content":{"rendered":"<p>Durante las primeras horas de la ma\u00f1ana del martes 1 de marzo del 2022, Fernando Soto Ram\u00edrez, director de la carrera de Administraci\u00f3n P\u00fablica de la Facultad de Ciencias Jur\u00eddicas y Sociales del Campus Talca, junto a los profesores Mariana Deisler, Carlos Novoa, Cristian Toledo, Osvaldo Henr\u00edquez y Alejandro Pino, recibieron a los 44 nuevos alumnos de la carrera de Administraci\u00f3n P\u00fablica que comenzar\u00e1n sus estudios de pregrado en la Universidad.<\/p>\n<p>Se trat\u00f3 de una reuni\u00f3n de bienvenida, que cont\u00f3 con la participaci\u00f3n de alumnos de 2do y 5to a\u00f1o, y donde se instruy\u00f3 a los nuevos alumnos sobre todo aquello que formar\u00e1 parte de su formaci\u00f3n acad\u00e9mica durante el 2022.<\/p>\n<p>La actividad de inducci\u00f3n que se realiz\u00f3 en dependencias de la Escuela de Administraci\u00f3n P\u00fablica fue encabezada por el Director de la Carrera en Talca, quien explic\u00f3 a los nuevos estudiantes todos aquellos aspectos referentes a la metodolog\u00eda de estudio que desarrolla la carrera en Talca y cu\u00e1les ser\u00e1n las actividades acad\u00e9micas que se ir\u00e1n desarrollando durante los pr\u00f3ximos d\u00edas.<\/p>\n<p>Esta actividad cont\u00f3 con la participaci\u00f3n de destacados docentes que tambi\u00e9n expusieron t\u00f3picos relevantes de las c\u00e1tedras que ellos imparten en el marco formativo del plan de estudios de la carrera de Administraci\u00f3n p\u00fablica.  <\/p>\n","protected":false},"excerpt":{"rendered":"<p>Durante las primeras horas de la ma\u00f1ana del martes 1 de marzo del 2022, Fernando Soto Ram\u00edrez, director de la carrera de Administraci\u00f3n P\u00fablica de la Facultad de Ciencias Jur\u00eddicas y Sociales del Campus Talca, junto a los profesores Mariana Deisler, Carlos Novoa, Cristian Toledo, Osvaldo Henr\u00edquez y Alejandro Pino, recibieron a los 44 nuevos [&hellip;]<\/p>\n","protected":false},"author":2,"featured_media":332,"comment_status":"open","ping_status":"open","sticky":false,"template":"","format":"standard","meta":[],"categories":[4],"tags":[],"_links":{"self":[{"href":"https:\/\/www.administracionpublica.utalca.cl\/index.php?rest_route=\/wp\/v2\/posts\/330"}],"collection":[{"href":"https:\/\/www.administracionpublica.utalca.cl\/index.php?rest_route=\/wp\/v2\/posts"}],"about":[{"href":"https:\/\/www.administracionpublica.utalca.cl\/index.php?rest_route=\/wp\/v2\/types\/post"}],"author":[{"embeddable":true,"href":"https:\/\/www.administracionpublica.utalca.cl\/index.php?rest_route=\/wp\/v2\/users\/2"}],"replies":[{"embeddable":true,"href":"https:\/\/www.administracionpublica.utalca.cl\/index.php?rest_route=%2Fwp%2Fv2%2Fcomments&post=330"}],"version-history":[{"count":1,"href":"https:\/\/www.administracionpublica.utalca.cl\/index.php?rest_route=\/wp\/v2\/posts\/330\/revisions"}],"predecessor-version":[{"id":331,"href":"https:\/\/www.administracionpublica.utalca.cl\/index.php?rest_route=\/wp\/v2\/posts\/330\/revisions\/331"}],"wp:featuredmedia":[{"embeddable":true,"href":"https:\/\/www.administracionpublica.utalca.cl\/index.php?rest_route=\/wp\/v2\/media\/332"}],"wp:attachment":[{"href":"https:\/\/www.administracionpublica.utalca.cl\/index.php?rest_route=%2Fwp%2Fv2%2Fmedia&parent=330"}],"wp:term":[{"taxonomy":"category","embeddable":true,"href":"https:\/\/www.administracionpublica.utalca.cl\/index.php?rest_route=%2Fwp%2Fv2%2Fcategories&post=330"},{"taxonomy":"post_tag","embeddable":true,"href":"https:\/\/www.administracionpublica.utalca.cl\/index.php?rest_route=%2Fwp%2Fv2%2Ftags&post=330"}],"curies":[{"name":"wp","href":"https:\/\/api.w.org\/{rel}","templated":true}]}}