{"id":347,"date":"2022-03-08T13:28:19","date_gmt":"2022-03-08T13:28:19","guid":{"rendered":"http:\/\/www.administracionpublica.utalca.cl\/?p=347"},"modified":"2022-03-08T13:28:19","modified_gmt":"2022-03-08T13:28:19","slug":"academico-de-la-escuela-de-administracion-publica-expuso-frente-al-consejo-regional-de-nuble","status":"publish","type":"post","link":"https:\/\/www.administracionpublica.utalca.cl\/?p=347","title":{"rendered":"Acad\u00e9mico de la Escuela de Administraci\u00f3n P\u00fablica expuso frente al Consejo Regional de \u00d1uble"},"content":{"rendered":"<p>El Dr. Osvaldo Henr\u00edquez, docente de la Escuela de Administraci\u00f3n P\u00fablica de la Universidad de Talca, dict\u00f3 una conferencia sobre la nueva Administraci\u00f3n Regional, en el marco de una capacitaci\u00f3n para el Consejo Regional de \u00d1uble.<\/p>\n<p>Durante la charla, que se realiz\u00f3 el 4 de marzo en Chill\u00e1n, el Dr. Osvaldo Henr\u00edquez expuso sobre el \u00abRol, Funciones y Desaf\u00edos de los Gobiernos Regionales\u00bb, en el marco del nuevo modelo de administraci\u00f3n regional, fruto de las \u00faltimas reformas constitucionales y sus respectivas leyes org\u00e1nicas.<\/p>\n","protected":false},"excerpt":{"rendered":"<p>El Dr. Osvaldo Henr\u00edquez, docente de la Escuela de Administraci\u00f3n P\u00fablica de la Universidad de Talca, dict\u00f3 una conferencia sobre la nueva Administraci\u00f3n Regional, en el marco de una capacitaci\u00f3n para el Consejo Regional de \u00d1uble. Durante la charla, que se realiz\u00f3 el 4 de marzo en Chill\u00e1n, el Dr. Osvaldo Henr\u00edquez expuso sobre el [&hellip;]<\/p>\n","protected":false},"author":2,"featured_media":348,"comment_status":"open","ping_status":"open","sticky":false,"template":"","format":"standard","meta":[],"categories":[4],"tags":[],"_links":{"self":[{"href":"https:\/\/www.administracionpublica.utalca.cl\/index.php?rest_route=\/wp\/v2\/posts\/347"}],"collection":[{"href":"https:\/\/www.administracionpublica.utalca.cl\/index.php?rest_route=\/wp\/v2\/posts"}],"about":[{"href":"https:\/\/www.administracionpublica.utalca.cl\/index.php?rest_route=\/wp\/v2\/types\/post"}],"author":[{"embeddable":true,"href":"https:\/\/www.administracionpublica.utalca.cl\/index.php?rest_route=\/wp\/v2\/users\/2"}],"replies":[{"embeddable":true,"href":"https:\/\/www.administracionpublica.utalca.cl\/index.php?rest_route=%2Fwp%2Fv2%2Fcomments&post=347"}],"version-history":[{"count":4,"href":"https:\/\/www.administracionpublica.utalca.cl\/index.php?rest_route=\/wp\/v2\/posts\/347\/revisions"}],"predecessor-version":[{"id":352,"href":"https:\/\/www.administracionpublica.utalca.cl\/index.php?rest_route=\/wp\/v2\/posts\/347\/revisions\/352"}],"wp:featuredmedia":[{"embeddable":true,"href":"https:\/\/www.administracionpublica.utalca.cl\/index.php?rest_route=\/wp\/v2\/media\/348"}],"wp:attachment":[{"href":"https:\/\/www.administracionpublica.utalca.cl\/index.php?rest_route=%2Fwp%2Fv2%2Fmedia&parent=347"}],"wp:term":[{"taxonomy":"category","embeddable":true,"href":"https:\/\/www.administracionpublica.utalca.cl\/index.php?rest_route=%2Fwp%2Fv2%2Fcategories&post=347"},{"taxonomy":"post_tag","embeddable":true,"href":"https:\/\/www.administracionpublica.utalca.cl\/index.php?rest_route=%2Fwp%2Fv2%2Ftags&post=347"}],"curies":[{"name":"wp","href":"https:\/\/api.w.org\/{rel}","templated":true}]}}