{"id":357,"date":"2022-03-10T16:23:49","date_gmt":"2022-03-10T16:23:49","guid":{"rendered":"http:\/\/www.administracionpublica.utalca.cl\/?p=357"},"modified":"2022-03-10T16:23:49","modified_gmt":"2022-03-10T16:23:49","slug":"el-decano-dr-rodrigo-palomo-velez-sostuvo-una-reunion-con-docentes-de-la-escuela-de-ciencia-politica-y-administracion-publica-del-campus-talca","status":"publish","type":"post","link":"https:\/\/www.administracionpublica.utalca.cl\/?p=357","title":{"rendered":"El Decano, Dr. Rodrigo Palomo V\u00e9lez, sostuvo una reuni\u00f3n con docentes de la Escuela de Ciencia Pol\u00edtica y Administraci\u00f3n P\u00fablica del campus Talca"},"content":{"rendered":"<p>El Decano de la Facultad de Ciencias Jur\u00eddicas y Sociales, Dr. Rodrigo Palomo V\u00e9lez, sostuvo una reuni\u00f3n con los docentes de la Escuela de Ciencia Pol\u00edtica y Administraci\u00f3n P\u00fablica del campus Talca, para conocer cu\u00e1les ser\u00e1n los nuevos campos de desarrollo profesional a los que se ver\u00e1n enfrentadas las nuevas generaciones de profesionales del \u00e1rea, en concordancia a los cambios en la manera de hacer Gobierno y Administraci\u00f3n territorial del Estado, asuntos que se han venido consolidando a trav\u00e9s de la gesti\u00f3n e implementaci\u00f3n de nuevas pol\u00edticas p\u00fablicas en Chile durante los \u00faltimos a\u00f1os y que se ver\u00e1n reforzados con los resultados del Proceso Constituyente que se encuentra en marcha en el pa\u00eds.<\/p>\n<p>En este escenario, el Dr. Osvaldo Henr\u00edquez Opazo, docente especialista en Ciencias Pol\u00edticas, Administraci\u00f3n P\u00fablica, Descentralizaci\u00f3n, Dise\u00f1o Institucional y Econom\u00eda Regional, manifest\u00f3 que \u201cla idea es tratar de incorporar dentro del proceso de pregrado el inter\u00e9s de los alumnos, para que vean que el desarrollo de las regiones o las estructuras regionales son importantes en Chile, es decir, que no s\u00f3lo existi\u00f3 una administraci\u00f3n p\u00fablica nacional de car\u00e1cter hegem\u00f3nica, sino que tambi\u00e9n hay una insipiente construcci\u00f3n de una estructura regional que en el futuro y con los resultados de la Convenci\u00f3n Constituyente, van a permitir que las regiones sean aut\u00f3nomas y que, por lo tanto, vayan generando sus propias autoridades pol\u00edticas, sus propias formas de entender la vida, la sociedad y su territorio\u201d, dijo el Dr. Osvaldo Henr\u00edquez.<\/p>\n<p>En tanto, el profesor Alejandro Pino Guajardo, Ingeniero Comercial, Mag\u00edster en Administraci\u00f3n de Empresas, ex presidente del Centro de Alumnos utalino y otrora activo participante tambi\u00e9n en la Federaci\u00f3n de Estudiantes de nuestra casa de estudios, actualmente realiza docencia en el \u00e1rea de planificaci\u00f3n estrat\u00e9gica, evaluaci\u00f3n de proyectos y gesti\u00f3n de personas, se har\u00e1 cargo de la vinculaci\u00f3n con el medio de la carrera de Ciencia Pol\u00edtica y Administraci\u00f3n P\u00fablica en el campus Talca y adem\u00e1s, \u201cestar\u00e9 a cargo de trabajar las pr\u00e1cticas profesionales con los estudiantes, siendo de nuestro inter\u00e9s fundamental que est\u00e1s pr\u00e1cticas sean provechosas tanto para los alumnos como para los organismos p\u00fablicos o estamentos donde los practicantes se desenvuelvan\u201d, dijo el docente Alejandro Pino.<br \/>\nCabe destacar que Alejandro Pino Guajardo, que tiene su cuna formativa en la Universidad de Talca, se desempe\u00f1\u00f3 por casi 20 a\u00f1os en el servicio p\u00fablico, en el \u00e1mbito local, municipal, regional y tambi\u00e9n a nivel del gobierno central, lo que es un plus a la hora de generar los v\u00ednculos y contactos necesarios para las pr\u00e1cticas estudiantiles. <\/p>\n<p>Del mismo modo, concord\u00f3 con su colega Osvaldo Henr\u00edquez, en la idea de que \u201cnuestra carrera de Ciencia Pol\u00edtica y Administraci\u00f3n P\u00fablica tiene -a mi juicio- ese fin colaborativo con todo el proceso nuevo de transformaci\u00f3n del Estado y por ello tenemos que contar con personas preparadas en este \u00e1mbito y nuestro trabajo debe enfocarse a ello\u201d, sostuvo Alejandro Pino quien cree firmemente en que la preparaci\u00f3n te\u00f3rica debe ir de la mano con todo aquello que conlleva la pr\u00e1ctica de la profesi\u00f3n que los alumnos est\u00e1n estudiando y \u201cen lo pr\u00e1ctico hay una propuesta muy interesante por parte de nuestro director de Escuela, Fernando Soto Ram\u00edrez, que apunta principalmente a concentrar la pr\u00e1ctica y a hacer una pr\u00e1ctica efectiva\u201d, asever\u00f3 el docente que tambi\u00e9n se manifest\u00f3 muy contento de poder colaborar en la formaci\u00f3n de nuevas generaciones y en un espacio de riqueza \u00fanica en su tipo como es el que genera la Universidad de Talca.<\/p>\n","protected":false},"excerpt":{"rendered":"<p>El Decano de la Facultad de Ciencias Jur\u00eddicas y Sociales, Dr. Rodrigo Palomo V\u00e9lez, sostuvo una reuni\u00f3n con los docentes de la Escuela de Ciencia Pol\u00edtica y Administraci\u00f3n P\u00fablica del campus Talca, para conocer cu\u00e1les ser\u00e1n los nuevos campos de desarrollo profesional a los que se ver\u00e1n enfrentadas las nuevas generaciones de profesionales del \u00e1rea, [&hellip;]<\/p>\n","protected":false},"author":2,"featured_media":358,"comment_status":"open","ping_status":"open","sticky":false,"template":"","format":"standard","meta":[],"categories":[4],"tags":[],"_links":{"self":[{"href":"https:\/\/www.administracionpublica.utalca.cl\/index.php?rest_route=\/wp\/v2\/posts\/357"}],"collection":[{"href":"https:\/\/www.administracionpublica.utalca.cl\/index.php?rest_route=\/wp\/v2\/posts"}],"about":[{"href":"https:\/\/www.administracionpublica.utalca.cl\/index.php?rest_route=\/wp\/v2\/types\/post"}],"author":[{"embeddable":true,"href":"https:\/\/www.administracionpublica.utalca.cl\/index.php?rest_route=\/wp\/v2\/users\/2"}],"replies":[{"embeddable":true,"href":"https:\/\/www.administracionpublica.utalca.cl\/index.php?rest_route=%2Fwp%2Fv2%2Fcomments&post=357"}],"version-history":[{"count":2,"href":"https:\/\/www.administracionpublica.utalca.cl\/index.php?rest_route=\/wp\/v2\/posts\/357\/revisions"}],"predecessor-version":[{"id":360,"href":"https:\/\/www.administracionpublica.utalca.cl\/index.php?rest_route=\/wp\/v2\/posts\/357\/revisions\/360"}],"wp:featuredmedia":[{"embeddable":true,"href":"https:\/\/www.administracionpublica.utalca.cl\/index.php?rest_route=\/wp\/v2\/media\/358"}],"wp:attachment":[{"href":"https:\/\/www.administracionpublica.utalca.cl\/index.php?rest_route=%2Fwp%2Fv2%2Fmedia&parent=357"}],"wp:term":[{"taxonomy":"category","embeddable":true,"href":"https:\/\/www.administracionpublica.utalca.cl\/index.php?rest_route=%2Fwp%2Fv2%2Fcategories&post=357"},{"taxonomy":"post_tag","embeddable":true,"href":"https:\/\/www.administracionpublica.utalca.cl\/index.php?rest_route=%2Fwp%2Fv2%2Ftags&post=357"}],"curies":[{"name":"wp","href":"https:\/\/api.w.org\/{rel}","templated":true}]}}