{"id":372,"date":"2022-03-24T21:11:51","date_gmt":"2022-03-24T21:11:51","guid":{"rendered":"http:\/\/www.administracionpublica.utalca.cl\/?p=372"},"modified":"2022-03-24T21:11:51","modified_gmt":"2022-03-24T21:11:51","slug":"director-y-docentes-de-la-esc-de-ciencia-politica-y-administracion-publica-campus-talca-se-reunieron-con-la-gobernadora-regional-del-maule","status":"publish","type":"post","link":"https:\/\/www.administracionpublica.utalca.cl\/?p=372","title":{"rendered":"Director y Docentes de la Esc. de Ciencia Pol\u00edtica y Administraci\u00f3n P\u00fablica Campus Talca, se reunieron con la Gobernadora Regional del Maule"},"content":{"rendered":"<p>El director de la Escuela de Ciencia Pol\u00edtica y Administraci\u00f3n P\u00fablica, Fernando Soto Ram\u00edrez, junto a los acad\u00e9micos Osvaldo Henr\u00edquez Opazo y Alejandro Pino Guajardo, se reunieron con la Gobernadora Regional del Maule, Cristina Bravo Castro. <\/p>\n<p>En la oportunidad, se estrecharon lazos de vinculaci\u00f3n y cooperaci\u00f3n, en el marco de la profundizaci\u00f3n de los t\u00f3picos relativos al proceso de descentralizaci\u00f3n en el que la Universidad de Talca ha estado participando a trav\u00e9s del trabajo y aporte sistem\u00e1tico con la Convenci\u00f3n Constitucional. <\/p>\n<p>Lo anterior, en el marco de los Encuentros Constituyentes impulsados por la Secretar\u00eda de Participaci\u00f3n Popular de la Convenci\u00f3n.<\/p>\n","protected":false},"excerpt":{"rendered":"<p>El director de la Escuela de Ciencia Pol\u00edtica y Administraci\u00f3n P\u00fablica, Fernando Soto Ram\u00edrez, junto a los acad\u00e9micos Osvaldo Henr\u00edquez Opazo y Alejandro Pino Guajardo, se reunieron con la Gobernadora Regional del Maule, Cristina Bravo Castro. En la oportunidad, se estrecharon lazos de vinculaci\u00f3n y cooperaci\u00f3n, en el marco de la profundizaci\u00f3n de los t\u00f3picos [&hellip;]<\/p>\n","protected":false},"author":2,"featured_media":373,"comment_status":"open","ping_status":"open","sticky":false,"template":"","format":"standard","meta":[],"categories":[4],"tags":[],"_links":{"self":[{"href":"https:\/\/www.administracionpublica.utalca.cl\/index.php?rest_route=\/wp\/v2\/posts\/372"}],"collection":[{"href":"https:\/\/www.administracionpublica.utalca.cl\/index.php?rest_route=\/wp\/v2\/posts"}],"about":[{"href":"https:\/\/www.administracionpublica.utalca.cl\/index.php?rest_route=\/wp\/v2\/types\/post"}],"author":[{"embeddable":true,"href":"https:\/\/www.administracionpublica.utalca.cl\/index.php?rest_route=\/wp\/v2\/users\/2"}],"replies":[{"embeddable":true,"href":"https:\/\/www.administracionpublica.utalca.cl\/index.php?rest_route=%2Fwp%2Fv2%2Fcomments&post=372"}],"version-history":[{"count":2,"href":"https:\/\/www.administracionpublica.utalca.cl\/index.php?rest_route=\/wp\/v2\/posts\/372\/revisions"}],"predecessor-version":[{"id":375,"href":"https:\/\/www.administracionpublica.utalca.cl\/index.php?rest_route=\/wp\/v2\/posts\/372\/revisions\/375"}],"wp:featuredmedia":[{"embeddable":true,"href":"https:\/\/www.administracionpublica.utalca.cl\/index.php?rest_route=\/wp\/v2\/media\/373"}],"wp:attachment":[{"href":"https:\/\/www.administracionpublica.utalca.cl\/index.php?rest_route=%2Fwp%2Fv2%2Fmedia&parent=372"}],"wp:term":[{"taxonomy":"category","embeddable":true,"href":"https:\/\/www.administracionpublica.utalca.cl\/index.php?rest_route=%2Fwp%2Fv2%2Fcategories&post=372"},{"taxonomy":"post_tag","embeddable":true,"href":"https:\/\/www.administracionpublica.utalca.cl\/index.php?rest_route=%2Fwp%2Fv2%2Ftags&post=372"}],"curies":[{"name":"wp","href":"https:\/\/api.w.org\/{rel}","templated":true}]}}