{"id":376,"date":"2022-03-29T15:21:47","date_gmt":"2022-03-29T15:21:47","guid":{"rendered":"http:\/\/www.administracionpublica.utalca.cl\/?p=376"},"modified":"2022-03-29T15:21:47","modified_gmt":"2022-03-29T15:21:47","slug":"escuela-de-ciencia-politica-y-administracion-publica-campus-talca-implemento-novedoso-plan-de-practicas-profesionales","status":"publish","type":"post","link":"https:\/\/www.administracionpublica.utalca.cl\/?p=376","title":{"rendered":"Escuela de Ciencia Pol\u00edtica y Administraci\u00f3n P\u00fablica Campus Talca implement\u00f3 novedoso plan de pr\u00e1cticas profesionales"},"content":{"rendered":"<p>Alejandro Pino Guajardo, profesor conferenciante y encargado de vinculaci\u00f3n con el Medio de la Escuela de Ciencia Pol\u00edtica y Administraci\u00f3n P\u00fablica Campus Talca, dijo que \u201cestamos trabajando sobre una nueva forma de hacer la pr\u00e1ctica profesional para los alumnos. Se trata de un nuevo modelo implementado por el director de escuela, Fernando Soto Ram\u00edrez y que implica insertar a los alumnos de manera que \u00e9stos sean un aporte en los organismos a los que acceden y que, por otra parte, exista una ganancia, tanto para ellos como para los organismos p\u00fablicos en los cuales desarrollan sus pr\u00e1cticas\u201d, dijo Alejandro Pino.<\/p>\n<p>En este marco, Alejandro Pino destac\u00f3 que \u201chemos invitado a los profesionales de la Subsecretar\u00eda Regional (SUBDERE) para que nos cuenten acerca de un trabajo de diagn\u00f3stico que ellos han realizado, y que se viene haciendo -aproximadamente- desde el a\u00f1o 2000. La idea que nuestros alumnos de 5to a\u00f1o, que este a\u00f1o inician sus pr\u00e1cticas profesionales, lo conozcan y puedan aportar a trav\u00e9s de sus pr\u00e1cticas profesionales a los mejoramientos de la gesti\u00f3n municipal\u201d, sostuvo Alejandro Pino.<\/p>\n<p>Respecto del trabajo de diagn\u00f3stico realizado por la SUBDERE, dijo que \u00e9ste revela la gesti\u00f3n de los municipios y, por otra parte, muestra la entrega de servicios que otorga el municipio. \u201cEntonces, hace una especie de evaluaci\u00f3n diagn\u00f3stica que no es comparable entre municipios, sino que cada municipio auto reporta, y el objetivo nuestro es conocer la herramienta de diagn\u00f3stico para que, luego, con la pr\u00e1ctica profesional de los estudiantes, ellos puedan trabajar sobre ese diagn\u00f3stico y hacer alguna propuesta de mejora\u201d, dijo Alejandro Pino.<\/p>\n<p><strong>Idea Pr\u00e1ctica: \u201cGanar-Ganar\u201d<\/strong><\/p>\n<p>En este sentido, Alejandro Pino dijo que el objetivo principalmente es que se produzca un feedback que se traduce en el concepto de \u201cGanar-Ganar\u201d. Esto es a prop\u00f3sito de cuestiones que existen dentro del municipio, \u201cdonde nosotros podr\u00edamos hacer una contribuci\u00f3n a trav\u00e9s de la pr\u00e1ctica, donde gane tambi\u00e9n el municipio, porque nosotros vamos a hacer una contribuci\u00f3n guiada y eventualmente, tambi\u00e9n, ganen los estudiantes porque van a conocer una experiencia completa a trav\u00e9s de una herramienta que de alguna manera le saca una foto al municipio y que facilita el trabajo de planificaci\u00f3n, de programaci\u00f3n de las actividades que vienen\u201d, afirm\u00f3 Alejandro Pino.<\/p>\n<p>La actividad de instrucci\u00f3n y capacitaci\u00f3n de los 17 alumnos que har\u00e1n su pr\u00e1ctica, se realiz\u00f3 de manera hibrida en dependencias de la Escuela de Ciencia Pol\u00edtica y Administraci\u00f3n P\u00fablica Campus Talca, donde Fabiola Corona y Samuel S\u00e1ez, representantes de la SUBDERE Maule, expusieron sobre los diagn\u00f3sticos en los municipios, para darles a conocer la herramienta que les permitir\u00e1 desarrollar sus pr\u00e1cticas profesionales bajo el concepto \u201cGanar-Ganar\u201d.<\/p>\n<p>\u201cEstamos teniendo la primicia porque nos est\u00e1n presentando la evaluaci\u00f3n del a\u00f1o 2021, lo que est\u00e1 reci\u00e9n saliendo. Son datos del a\u00f1o pasado que sirven para proyectar el trabajo que se puede hacer durante este a\u00f1o en los municipios\u201d, dijo Alejandro Pino.<\/p>\n","protected":false},"excerpt":{"rendered":"<p>Alejandro Pino Guajardo, profesor conferenciante y encargado de vinculaci\u00f3n con el Medio de la Escuela de Ciencia Pol\u00edtica y Administraci\u00f3n P\u00fablica Campus Talca, dijo que \u201cestamos trabajando sobre una nueva forma de hacer la pr\u00e1ctica profesional para los alumnos. Se trata de un nuevo modelo implementado por el director de escuela, Fernando Soto Ram\u00edrez y [&hellip;]<\/p>\n","protected":false},"author":2,"featured_media":378,"comment_status":"open","ping_status":"open","sticky":false,"template":"","format":"standard","meta":[],"categories":[4],"tags":[],"_links":{"self":[{"href":"https:\/\/www.administracionpublica.utalca.cl\/index.php?rest_route=\/wp\/v2\/posts\/376"}],"collection":[{"href":"https:\/\/www.administracionpublica.utalca.cl\/index.php?rest_route=\/wp\/v2\/posts"}],"about":[{"href":"https:\/\/www.administracionpublica.utalca.cl\/index.php?rest_route=\/wp\/v2\/types\/post"}],"author":[{"embeddable":true,"href":"https:\/\/www.administracionpublica.utalca.cl\/index.php?rest_route=\/wp\/v2\/users\/2"}],"replies":[{"embeddable":true,"href":"https:\/\/www.administracionpublica.utalca.cl\/index.php?rest_route=%2Fwp%2Fv2%2Fcomments&post=376"}],"version-history":[{"count":2,"href":"https:\/\/www.administracionpublica.utalca.cl\/index.php?rest_route=\/wp\/v2\/posts\/376\/revisions"}],"predecessor-version":[{"id":379,"href":"https:\/\/www.administracionpublica.utalca.cl\/index.php?rest_route=\/wp\/v2\/posts\/376\/revisions\/379"}],"wp:featuredmedia":[{"embeddable":true,"href":"https:\/\/www.administracionpublica.utalca.cl\/index.php?rest_route=\/wp\/v2\/media\/378"}],"wp:attachment":[{"href":"https:\/\/www.administracionpublica.utalca.cl\/index.php?rest_route=%2Fwp%2Fv2%2Fmedia&parent=376"}],"wp:term":[{"taxonomy":"category","embeddable":true,"href":"https:\/\/www.administracionpublica.utalca.cl\/index.php?rest_route=%2Fwp%2Fv2%2Fcategories&post=376"},{"taxonomy":"post_tag","embeddable":true,"href":"https:\/\/www.administracionpublica.utalca.cl\/index.php?rest_route=%2Fwp%2Fv2%2Ftags&post=376"}],"curies":[{"name":"wp","href":"https:\/\/api.w.org\/{rel}","templated":true}]}}