{"id":381,"date":"2022-04-25T14:38:58","date_gmt":"2022-04-25T14:38:58","guid":{"rendered":"http:\/\/www.administracionpublica.utalca.cl\/?p=381"},"modified":"2022-04-25T14:38:58","modified_gmt":"2022-04-25T14:38:58","slug":"alicia-contreras-vielma-administradora-regional-del-gobierno-regional-de-la-region-del-nuble-dio-interesante-charla-a-alumnos-de-administracion-publica-en-talca","status":"publish","type":"post","link":"https:\/\/www.administracionpublica.utalca.cl\/?p=381","title":{"rendered":"Alicia Contreras Vielma, administradora regional del Gobierno Regional de la regi\u00f3n del \u00d1uble, dio interesante Charla a alumnos de Administraci\u00f3n P\u00fablica en Talca"},"content":{"rendered":"<p>Durante la jornada del viernes 22 de abril, alumnos de cuarto a\u00f1o de la carrera de Administraci\u00f3n P\u00fablica, pertenecientes a la c\u00e1tedra de Gerencia y Gesti\u00f3n P\u00fablica, dictada por el profesor Dr. Osvaldo Henr\u00edquez Opazo, participaron en una interesante Charla denominada \u201cLa Gerencia P\u00fablica en la Administraci\u00f3n Descentralizada del Estado\u201d, que fue dictada por la ingeniero civil y actual administrador regional del Gobierno Regional de la regi\u00f3n del \u00d1uble, Alicia Contreras Vielma.<\/p>\n<p>En la oportunidad, y tras finalizar la charla, la ponente realiz\u00f3 con los alumnos una ronda de preguntas y respuestas para conversar sobre el proceso de descentralizaci\u00f3n y c\u00f3mo la alta direcci\u00f3n p\u00fablica influye en estos procesos. <\/p>\n","protected":false},"excerpt":{"rendered":"<p>Durante la jornada del viernes 22 de abril, alumnos de cuarto a\u00f1o de la carrera de Administraci\u00f3n P\u00fablica, pertenecientes a la c\u00e1tedra de Gerencia y Gesti\u00f3n P\u00fablica, dictada por el profesor Dr. Osvaldo Henr\u00edquez Opazo, participaron en una interesante Charla denominada \u201cLa Gerencia P\u00fablica en la Administraci\u00f3n Descentralizada del Estado\u201d, que fue dictada por la [&hellip;]<\/p>\n","protected":false},"author":2,"featured_media":382,"comment_status":"open","ping_status":"open","sticky":false,"template":"","format":"standard","meta":[],"categories":[4],"tags":[],"_links":{"self":[{"href":"https:\/\/www.administracionpublica.utalca.cl\/index.php?rest_route=\/wp\/v2\/posts\/381"}],"collection":[{"href":"https:\/\/www.administracionpublica.utalca.cl\/index.php?rest_route=\/wp\/v2\/posts"}],"about":[{"href":"https:\/\/www.administracionpublica.utalca.cl\/index.php?rest_route=\/wp\/v2\/types\/post"}],"author":[{"embeddable":true,"href":"https:\/\/www.administracionpublica.utalca.cl\/index.php?rest_route=\/wp\/v2\/users\/2"}],"replies":[{"embeddable":true,"href":"https:\/\/www.administracionpublica.utalca.cl\/index.php?rest_route=%2Fwp%2Fv2%2Fcomments&post=381"}],"version-history":[{"count":4,"href":"https:\/\/www.administracionpublica.utalca.cl\/index.php?rest_route=\/wp\/v2\/posts\/381\/revisions"}],"predecessor-version":[{"id":386,"href":"https:\/\/www.administracionpublica.utalca.cl\/index.php?rest_route=\/wp\/v2\/posts\/381\/revisions\/386"}],"wp:featuredmedia":[{"embeddable":true,"href":"https:\/\/www.administracionpublica.utalca.cl\/index.php?rest_route=\/wp\/v2\/media\/382"}],"wp:attachment":[{"href":"https:\/\/www.administracionpublica.utalca.cl\/index.php?rest_route=%2Fwp%2Fv2%2Fmedia&parent=381"}],"wp:term":[{"taxonomy":"category","embeddable":true,"href":"https:\/\/www.administracionpublica.utalca.cl\/index.php?rest_route=%2Fwp%2Fv2%2Fcategories&post=381"},{"taxonomy":"post_tag","embeddable":true,"href":"https:\/\/www.administracionpublica.utalca.cl\/index.php?rest_route=%2Fwp%2Fv2%2Ftags&post=381"}],"curies":[{"name":"wp","href":"https:\/\/api.w.org\/{rel}","templated":true}]}}