{"id":387,"date":"2022-04-28T17:16:24","date_gmt":"2022-04-28T17:16:24","guid":{"rendered":"http:\/\/www.administracionpublica.utalca.cl\/?p=387"},"modified":"2022-04-28T19:38:38","modified_gmt":"2022-04-28T19:38:38","slug":"facultad-de-ciencias-juridicas-y-sociales-de-la-universidad-de-talca-inauguro-ano-academico-2022","status":"publish","type":"post","link":"https:\/\/www.administracionpublica.utalca.cl\/?p=387","title":{"rendered":"Facultad de Ciencias Jur\u00eddicas y Sociales de la Universidad de Talca inaugur\u00f3 A\u00f1o Acad\u00e9mico 2022"},"content":{"rendered":"<p>Autoridades universitarias, junto a administrativos y acad\u00e9micos pertenecientes a la Facultad de Ciencias Jur\u00eddicas y Sociales sede Talca, se dieron cita en el auditorio de la Escuela de Ciencia Pol\u00edtica y Administraci\u00f3n P\u00fablica para participar en el acto de inicio del a\u00f1o acad\u00e9mico 2022.<\/p>\n<p>El evento que se realiz\u00f3 durante la jornada del jueves 28 de abril fue de car\u00e1cter hibrido y cont\u00f3 con una Conferencia Magistral a cargo de Mar\u00eda Esther del Campo Garc\u00eda, Decana de la Facultad de Ciencias Pol\u00edticas y Sociolog\u00eda de la Universidad Complutense de Madrid, quien realiz\u00f3 una interesante ponencia titulada: Modelos de Estado Regional. Las experiencias de Espa\u00f1a y Bolivia\u00bb.<\/p>\n<p>En la oportunidad, la expositora dijo \u201cquiero agradecer la invitaci\u00f3n que me han hecho y saludar al se\u00f1or Rector, al se\u00f1or Decano, al Director de la Escuela y al cuerpo acad\u00e9mico. Recuerdo haber estado en la Facultad de Derecho de la Universidad de Talca hace muchos a\u00f1os atr\u00e1s cuando se estaba institucionalizando y tengo muy gratis recuerdos. Por lo tanto, quiero felicitarles por su trayectoria y espero que los pr\u00f3ximos a\u00f1os sean tambi\u00e9n exitosos, en el sentido de que puedan seguir consolidando esta Facultad\u201d, dijo antes de comenzar su ponencia la catedr\u00e1tica de Ciencia Pol\u00edtica que es, adem\u00e1s, autora de numerosas publicaciones sobre Pol\u00edtica Comparada, centradas en el an\u00e1lisis de los principales actores pol\u00edticos y sociales tanto en Espa\u00f1a como en Am\u00e9rica Latina, as\u00ed como del papel que han tenido \u00e9stos en el cambio pol\u00edtico e institucional.<\/p>\n<p>En la ocasi\u00f3n, el decano de la Facultad, Dr. Rodrigo Palomo V\u00e9lez, manifest\u00f3 que \u201ceste es un evento que comunicacionalmente es muy importante para nosotros, ya que supone la fijaci\u00f3n inicial de los \u00e9nfasis para el a\u00f1o que estamos enfrentando y, en este sentido, respecto del a\u00f1o 2022, lo m\u00e1s importante es que vamos a poner en pr\u00e1ctica un nuevo plan estrat\u00e9gico que corresponde al Plan Estrat\u00e9gico de la Facultad 20-25, que ya est\u00e1 en su etapa final de aprobaci\u00f3n y que es un plan que nos pone de cara a la Facultad y a la Universidad del ma\u00f1ana\u201d, sostuvo el decano Dr. Rodrigo Palomo, quien dijo, adem\u00e1s, que \u201cen este sentido, hemos definido cu\u00e1les son nuestras metas, nuestras acciones clave y las actividades que iremos llevando adelante para poder concretar esta definici\u00f3n estrat\u00e9gica que hemos tomado. Yo creo que lo m\u00e1s importante es insistir en que es tiempo de redefiniciones; de salir de la inercia de lo cotidiano; de retomar los sue\u00f1os y las metas postergadas por la urgencia y que eso nos permitir\u00e1 volver a los proyectos nucleares que son los que nos van a permitir instalarnos con solidez en la Universidad del ma\u00f1ana\u201d, afirmo Rodrigo Palomo.<\/p>\n<p>Del mismo modo, el director de la Escuela de Ciencia Pol\u00edtica y Administraci\u00f3n P\u00fablica, Fernando Soto Ram\u00edrez, valor\u00f3 el acto se\u00f1alando que \u201cpara nosotros como Escuela de Ciencia Pol\u00edtica y Administraci\u00f3n P\u00fablica del Campus Talca es tremendamente significativo que la inauguraci\u00f3n del a\u00f1o acad\u00e9mico 2022 se realice en dependencias de nuestra escuela, por el sentido aprobatorio a la gesti\u00f3n que estamos realizando en torno al proyecto que nos hemos propuesto y que va muy bien encaminado, que por lo dem\u00e1s, se ha hecho con mucho esfuerzo y con mucho cari\u00f1o, en pos de dotar a la regi\u00f3n del Maule y al pa\u00eds, de los mejores administradores p\u00fablicos\u201d, sostuvo el director Fernando Soto, quien, adem\u00e1s, dijo que \u201csentimos que estamos haciendo bien las cosas e insertos en una Facultad consolidada, prestigiosa, que tiene los espacios suficientes para poder crecer y aportar desde la perspectiva de la Ciencia Pol\u00edtica y la Administraci\u00f3n P\u00fablica a mejorar la calidad de vida de los ciudadanos que habitan el territorio donde estamos insertos y a los ciudadanos de nuestro pa\u00eds\u201d, dijo el acad\u00e9mico Fernando Soto Ram\u00edrez.<\/p>\n<p>Por otra parte, el director de la Escuela de Ciencia Pol\u00edtica y Administraci\u00f3n P\u00fablica del Campus Talca, Fernando Soto, dijo que \u201chemos tenido la oportunidad de escuchar a Mar\u00eda Esther del Campo Garc\u00eda, que nos ha ilustrado sobre una tem\u00e1tica tremendamente contingente que se da en un momento hist\u00f3rico en el que se est\u00e1n dando mayores atribuciones y mayores competencias a los \u00f3rganos con competencia territorial\u201d.  Asimismo, dijo que \u201cestamos tremendamente satisfechos por la confianza que el decano Rodrigo Palomo ha depositado en esta Escuela, a trav\u00e9s del apoyo permanente a cada una de las actividades que emprendemos desde la Escuela de Ciencia Pol\u00edtica y Administraci\u00f3n P\u00fablica del Campus Talca\u201d, afirm\u00f3 Fernando Soto Ram\u00edrez.<\/p>\n","protected":false},"excerpt":{"rendered":"<p>Autoridades universitarias, junto a administrativos y acad\u00e9micos pertenecientes a la Facultad de Ciencias Jur\u00eddicas y Sociales sede Talca, se dieron cita en el auditorio de la Escuela de Ciencia Pol\u00edtica y Administraci\u00f3n P\u00fablica para participar en el acto de inicio del a\u00f1o acad\u00e9mico 2022. El evento que se realiz\u00f3 durante la jornada del jueves 28 [&hellip;]<\/p>\n","protected":false},"author":2,"featured_media":388,"comment_status":"open","ping_status":"open","sticky":false,"template":"","format":"standard","meta":[],"categories":[4],"tags":[],"_links":{"self":[{"href":"https:\/\/www.administracionpublica.utalca.cl\/index.php?rest_route=\/wp\/v2\/posts\/387"}],"collection":[{"href":"https:\/\/www.administracionpublica.utalca.cl\/index.php?rest_route=\/wp\/v2\/posts"}],"about":[{"href":"https:\/\/www.administracionpublica.utalca.cl\/index.php?rest_route=\/wp\/v2\/types\/post"}],"author":[{"embeddable":true,"href":"https:\/\/www.administracionpublica.utalca.cl\/index.php?rest_route=\/wp\/v2\/users\/2"}],"replies":[{"embeddable":true,"href":"https:\/\/www.administracionpublica.utalca.cl\/index.php?rest_route=%2Fwp%2Fv2%2Fcomments&post=387"}],"version-history":[{"count":2,"href":"https:\/\/www.administracionpublica.utalca.cl\/index.php?rest_route=\/wp\/v2\/posts\/387\/revisions"}],"predecessor-version":[{"id":390,"href":"https:\/\/www.administracionpublica.utalca.cl\/index.php?rest_route=\/wp\/v2\/posts\/387\/revisions\/390"}],"wp:featuredmedia":[{"embeddable":true,"href":"https:\/\/www.administracionpublica.utalca.cl\/index.php?rest_route=\/wp\/v2\/media\/388"}],"wp:attachment":[{"href":"https:\/\/www.administracionpublica.utalca.cl\/index.php?rest_route=%2Fwp%2Fv2%2Fmedia&parent=387"}],"wp:term":[{"taxonomy":"category","embeddable":true,"href":"https:\/\/www.administracionpublica.utalca.cl\/index.php?rest_route=%2Fwp%2Fv2%2Fcategories&post=387"},{"taxonomy":"post_tag","embeddable":true,"href":"https:\/\/www.administracionpublica.utalca.cl\/index.php?rest_route=%2Fwp%2Fv2%2Ftags&post=387"}],"curies":[{"name":"wp","href":"https:\/\/api.w.org\/{rel}","templated":true}]}}