{"id":394,"date":"2022-05-23T22:52:22","date_gmt":"2022-05-23T22:52:22","guid":{"rendered":"http:\/\/www.administracionpublica.utalca.cl\/?p=394"},"modified":"2022-05-23T22:52:22","modified_gmt":"2022-05-23T22:52:22","slug":"escuela-de-ciencia-politica-y-administracion-publica-lanza-plan-piloto-de-practicas-de-calidad-de-la-gestion-municipal-y-firma-convenio-de-colaboracion-con-municipios","status":"publish","type":"post","link":"https:\/\/www.administracionpublica.utalca.cl\/?p=394","title":{"rendered":"Escuela de Ciencia Pol\u00edtica y Administraci\u00f3n P\u00fablica lanza Plan Piloto de Pr\u00e1cticas de Calidad de la Gesti\u00f3n Municipal y firma Convenio de Colaboraci\u00f3n con Municipios"},"content":{"rendered":"<p>En el sal\u00f3n Enrique Mac Iver de la Facultad de Ciencias Jur\u00eddicas y Sociales de la Universidad de Talca, se llev\u00f3 a cabo la ceremonia de firma de convenio con diversos municipios de la regi\u00f3n del Maule y fue lanzado el plan piloto de Pr\u00e1cticas de Calidad de la Gesti\u00f3n Municipal, perteneciente a la Escuela de Ciencia Pol\u00edtica, campus Talca.<\/p>\n<p>En esta ceremonia participaron el rector, Carlos Torres Fuchslocher, junto a Carlos Cuadrado Prat, presidente nacional de la Asociaci\u00f3n Chilena de Municipalidades (AChM) , quienes valoraron esta iniciativa que permitir\u00e1 que los alumnos en pr\u00e1ctica, pertenecientes a la Escuela de Ciencia Pol\u00edtica y Administraci\u00f3n P\u00fablica, se inserten en \u00e1reas del trabajo municipal, de modo que puedan ser un real aporte a la gesti\u00f3n de los municipios, gener\u00e1ndose entre ambas partes una sinergia que permitir\u00e1 una ganancia mutua.<\/p>\n<p>\u201cEsto es parte de nuestra misi\u00f3n como Universidad de vincularnos con el medio y en este sentido, se trata tambi\u00e9n de una relaci\u00f3n bidireccional donde construimos en conjunto soluciones futuras o programas que perduran en el tiempo para llegar as\u00ed a causar un mayor impacto en la vinculaci\u00f3n y en este caso, se trata de una convenio, con la Asociaci\u00f3n de Municipalidades, que permite a nuestros estudiantes insertarse, fijar sus competencias y por otro lado, contribuir al desarrollo de los municipios\u201d, afirm\u00f3 el rector Carlos Torres Fuchslocher.<\/p>\n<p>En tanto, Carlos Cuadrado, presidente de la AChM, dijo que \u201cYo creo que es muy importante cuando los convenios comienzan a tener un resultado y lo que estamos haciendo hoy es ratificar algo que ya hab\u00edamos firmado, pero que va a dar pie la idea que se ten\u00eda, se traduzca en hechos concretos. Por eso viajamos desde Santiago a Talca, para estar con el Rector y agradecer la confianza que han depositado en la Asociaci\u00f3n de Municipios a trav\u00e9s de este convenio y tambi\u00e9n, para reafirmar que el \u00fanico norte que nosotros tenemos y que es para con los ciudadanos que servimos y ciertamente esto ayudar\u00e1 mucho a que los municipios y la ciudadan\u00eda se vinculen en forma distinta y mejor de lo que lo han hecho hasta ahora\u201d, sostuvo Carlos Cuadrado.<\/p>\n<p>Otra de las autoridades regionales que particip\u00f3 en la ceremonia, fue la gobernadora regional, Cristina Bravo Castro, quien subray\u00f3 la importancia de esta iniciativa se\u00f1alando que \u201cla verdad, es que es muy importante para el Gobierno Regional esta firma de convenio entre la Facultad de Ciencias Jur\u00eddicas y Sociales con la Asociaci\u00f3n Chilena de Municipalidades, incorporando las treinta comunas de la regi\u00f3n del Maule. Valoramos, enormemente, la visi\u00f3n de nuestro rector Carlos Torres y esperamos que esto se siga reforzando porque en la regi\u00f3n del Maule no hay comunas de primera o segunda categor\u00eda y, lamentablemente, los municipios m\u00e1s peque\u00f1os no tienen la posibilidad de contratar y tener equipos t\u00e9cnicos que los ayuden a hacer grandes proyectos que permitan desarrollar cada una de las comunidades; esto por un tema de recursos, porque cuando t\u00fa te haces cargo de una municipalidad, no solamente tienes que ver el tema de los proyectos, sino que tambi\u00e9n el tema social y adem\u00e1s, que los alcaldes y las alcaldesas son quienes les vienen a resolver los problemas a los ciudadanos y, entonces para nosotros que tenemos el presupuesto regional y financiamos proyectos, es s\u00faper importante que nuestros alcaldes cuenten con una cartera de proyectos que permitan reactivar la econom\u00eda y mejorar la calidad de vida de todos sus habitantes\u201d, asever\u00f3 la Gobernadora Regional.<\/p>\n<p>Del mismo modo, los ediles invitados al lanzamiento del Plan Piloto de Pr\u00e1cticas de Calidad de la Gesti\u00f3n Municipal, perteneciente a la Escuela de Ciencia Pol\u00edtica, campus Talca, valoraron el convenio de colaboraci\u00f3n entre la Universidad de Talca y los Municipios.<\/p>\n<p>\u201cTenemos que agradecer esta tremenda oportunidad que tenemos porque nos permite ir mejorando nuestros procesos administrativos; nuestras instancias propias que tenemos que ir realizando como municipalidad e ir mejorando las diferentes tem\u00e1ticas que constantemente tratan los municipios. A veces el d\u00eda a d\u00eda nos va pasando la cuenta y no nos permite detenernos y pensar en ir haciendo mejoras e indudablemente, este mismo convenio nos va a permitir tambi\u00e9n que los alumnos, estudiantes que puedan llegar a nuestro municipio nos puedan aportar con todo lo que han aprendido en la universidad y ponerlo en pr\u00e1ctica\u201d, dijo el alcalde (s) de Curic\u00f3, David Mu\u00f1oz.<\/p>\n<p>Asimismo, la alcaldesa de San Rafael, Claudia D\u00edaz Bravo, dijo que \u201cnosotros estamos muy contentos con la invitaci\u00f3n de la Universidad de Talca y quisiera decir que como municipalidad llevamos bastantes a\u00f1os en convenio. Contamos con grandes profesionales como es el caso de nuestro abogado, el SECPLAC; varios profesionales han quedado trabajando con nosotros. As\u00ed que tenemos varios j\u00f3venes que han salido de la Universidad, egresados de la Universidad de Talca, que han estado trabajando con nosotros. Estamos muy contentos como municipio de poder seguir con este convenio y tambi\u00e9n potenciando y dando nuevas posibilidades a los nuevos profesionales\u201d, afirm\u00f3 la alcaldesa de San Rafael, Claudia D\u00edaz.<\/p>\n<p>Por otra parte, la alcaldesa de Molina, Priscilla Castillo Gerli, dijo \u201cesto es muy importante para nosotros y siempre es muy necesario que la Universidad tenga una permanente convivencia con la comunidad y con nosotros los servicios p\u00fablicos y, este convenio, nos alegra mucho porque significa que vamos a tener a los alumnos que ya tienen toda una preparaci\u00f3n profesional al servicio de la comunidad, ayud\u00e1ndonos en diferentes \u00e1reas. As\u00ed que nosotros encantados de poder participar en el convenio\u201d, dijo Priscilla Castillo. <\/p>\n<p>Asimismo, el alcalde de Pelarco, Bernardo V\u00e1squez, manifest\u00f3 que \u201ccreo que es muy importante que profesionales llegan a la municipalidad. Ya tenemos una muy linda experiencia con j\u00f3venes profesionales de la Universidad de Talca; muchos de ellos en muchas municipalidades ya son funcionarios contratados. Mejorar la Gesti\u00f3n Municipal es clave, sobre todo para modernizar nuestros trabajos en comunas rurales. Por lo tanto, este convenio para nosotros es de una gran ayuda\u201d, afirm\u00f3 Bernardo V\u00e1squez.   <\/p>\n<p>Del mismo modo, el decano de la Facultad de Ciencias Jur\u00eddicas y Sociales, Dr. Rodrigo Palomo V\u00e9lez, valor\u00f3 el acto se\u00f1alando que \u201caqu\u00ed hay dos convenios. Uno con las municipalidades, que nos permite tener una vinculaci\u00f3n efectiva con el gobierno local y que se traduce en una alianza estrat\u00e9gica que para la Facultad en muy relevante en la perspectiva de la Vinculaci\u00f3n con el Medio y coincide, adem\u00e1s, con otra alianza que tenemos con diversas municipalidades para poder tambi\u00e9n llevar adelante un plan piloto sobre las pr\u00e1cticas profesionales que tienen los alumnos de quinto a\u00f1o de la Escuela de Ciencia Pol\u00edtica y Administraci\u00f3n P\u00fablica en Talca. Es un modelo pionero que permite un seguimiento de las pr\u00e1cticas de trabajos que son efectivos y que son \u00fatiles, tanto para el proceso de formaci\u00f3n como tambi\u00e9n para la vinculaci\u00f3n que tenemos como universidad p\u00fablica con las unidades locales\u201d, dijo Rodrigo Palomo.<\/p>\n<p>Por otra parte, el director de la Escuela de Administraci\u00f3n P\u00fablica, Fernando Soto Ram\u00edrez, dijo que \u201cen diciembre del a\u00f1o pasado, suscribimos un convenio marco con la Asociaci\u00f3n Chilena de Municipalidades, como Universidad; que ten\u00eda varios ejes tem\u00e1ticos y uno de ellos es la inserci\u00f3n de nuestros estudiantes para que desarrollen sus pr\u00e1cticas profesionales, una de ellas a lo menos en los gobiernos locales y otra que le interesa tambi\u00e9n a la AChM es en el \u00e1rea de investigaci\u00f3n y la formaci\u00f3n continua, asunto que tambi\u00e9n lo estamos trabando en conjunto. Estamos cristalizando la primera parte de ese convenio marco que es lo que se refiere a  las pr\u00e1cticas profesionales, donde ya se concreta la primera acci\u00f3n en ese sentido\u201d, sostuvo Fernando Soto, quien dijo tambi\u00e9n que \u201centendemos que los treinta gobiernos locales de la regi\u00f3n del Maule necesitan apoyo y nosotros estamos dispuestos a colaborar con ellos a trav\u00e9s del trabajo conjunto para obtener los resultados que, al final del d\u00eda, se traducen en el bienestar de toda la ciudadan\u00eda y de cada una de las comunas de nuestra regi\u00f3n y tambi\u00e9n, de cada una de las comunas aleda\u00f1as asunto que se refleja en la presencia hoy, del alcalde de San Fernando que representa a la regi\u00f3n de O\u2019Higgins\u201d, dijo director de la Escuela de Administraci\u00f3n P\u00fablica, Fernando Soto Ram\u00edrez .<\/p>\n<p>Tras la firma de los documentos de ratificaci\u00f3n del convenio y una vez concluida la ceremonia, las autoridades participantes compartieron un almuerzo de camarader\u00eda para conversar acerca de los lineamientos propios del Plan Piloto de Pr\u00e1cticas de Calidad de la Gesti\u00f3n Municipal<\/p>\n","protected":false},"excerpt":{"rendered":"<p>En el sal\u00f3n Enrique Mac Iver de la Facultad de Ciencias Jur\u00eddicas y Sociales de la Universidad de Talca, se llev\u00f3 a cabo la ceremonia de firma de convenio con diversos municipios de la regi\u00f3n del Maule y fue lanzado el plan piloto de Pr\u00e1cticas de Calidad de la Gesti\u00f3n Municipal, perteneciente a la Escuela [&hellip;]<\/p>\n","protected":false},"author":2,"featured_media":396,"comment_status":"open","ping_status":"open","sticky":false,"template":"","format":"standard","meta":[],"categories":[4],"tags":[],"_links":{"self":[{"href":"https:\/\/www.administracionpublica.utalca.cl\/index.php?rest_route=\/wp\/v2\/posts\/394"}],"collection":[{"href":"https:\/\/www.administracionpublica.utalca.cl\/index.php?rest_route=\/wp\/v2\/posts"}],"about":[{"href":"https:\/\/www.administracionpublica.utalca.cl\/index.php?rest_route=\/wp\/v2\/types\/post"}],"author":[{"embeddable":true,"href":"https:\/\/www.administracionpublica.utalca.cl\/index.php?rest_route=\/wp\/v2\/users\/2"}],"replies":[{"embeddable":true,"href":"https:\/\/www.administracionpublica.utalca.cl\/index.php?rest_route=%2Fwp%2Fv2%2Fcomments&post=394"}],"version-history":[{"count":1,"href":"https:\/\/www.administracionpublica.utalca.cl\/index.php?rest_route=\/wp\/v2\/posts\/394\/revisions"}],"predecessor-version":[{"id":395,"href":"https:\/\/www.administracionpublica.utalca.cl\/index.php?rest_route=\/wp\/v2\/posts\/394\/revisions\/395"}],"wp:featuredmedia":[{"embeddable":true,"href":"https:\/\/www.administracionpublica.utalca.cl\/index.php?rest_route=\/wp\/v2\/media\/396"}],"wp:attachment":[{"href":"https:\/\/www.administracionpublica.utalca.cl\/index.php?rest_route=%2Fwp%2Fv2%2Fmedia&parent=394"}],"wp:term":[{"taxonomy":"category","embeddable":true,"href":"https:\/\/www.administracionpublica.utalca.cl\/index.php?rest_route=%2Fwp%2Fv2%2Fcategories&post=394"},{"taxonomy":"post_tag","embeddable":true,"href":"https:\/\/www.administracionpublica.utalca.cl\/index.php?rest_route=%2Fwp%2Fv2%2Ftags&post=394"}],"curies":[{"name":"wp","href":"https:\/\/api.w.org\/{rel}","templated":true}]}}