{"id":419,"date":"2022-06-28T14:54:00","date_gmt":"2022-06-28T14:54:00","guid":{"rendered":"http:\/\/www.administracionpublica.utalca.cl\/?p=419"},"modified":"2022-06-28T16:29:06","modified_gmt":"2022-06-28T16:29:06","slug":"expertos-abordaran-interesantes-topicos-en-un-foro-panel-denominado-propuesta-nueva-constitucion-en-torno-a-la-regionalizacion-y-gobiernos-locales","status":"publish","type":"post","link":"https:\/\/www.administracionpublica.utalca.cl\/?p=419","title":{"rendered":"Expertos abordar\u00e1n interesantes t\u00f3picos en un foro panel denominado: Propuesta Nueva Constituci\u00f3n, en torno a la Regionalizaci\u00f3n y Gobiernos Locales."},"content":{"rendered":"<p>Este mi\u00e9rcoles 6 de julio, de 11:00 a 13:00 horas, un Panel de Expertos abordar\u00e1n interesantes t\u00f3picos en un foro panel denominado: Propuesta Nueva Constituci\u00f3n, en torno a la Regionalizaci\u00f3n y Gobiernos Locales. <\/p>\n<p>La actividad organizada por la Escuela Ciencia Pol\u00edtica y Administraci\u00f3n P\u00fablica, Campus Talca y Asociaci\u00f3n Chilena de Municipalidades, es de car\u00e1cter liberada y se har\u00e1 en el auditorio Enrique Mac Iver de la Facultad de Ciencias Jur\u00eddicas y Sociales de la Universidad de Talca.<\/p>\n<p>En la oportunidad, participar\u00e1n connotados profesionales expertos en el \u00e1rea como lo son: Joseline S\u00e1nchez Mora, Abogada de la Universidad de Chile, actualmente Directora Jur\u00eddica de la Asociaci\u00f3n Chilena de Municipalidades;<br \/>\nChristian Vera \u00c1lvarez, Abogado de la Universidad Cat\u00f3lica de Valpara\u00edso, Doctor en Derecho de la Universidad de Deusto, Espa\u00f1a, Acad\u00e9mico de la Escuela de Derecho de la Universidad de Valpara\u00edso y Ex. Convencional D17 y, el destacado acad\u00e9mico de la Escuela Ciencia Pol\u00edtica y Administraci\u00f3n P\u00fablica de la Universidad de Talca, Osvaldo Henr\u00edquez Opazo, Ingeniero Civil Industrial por la Universidad de Concepci\u00f3n y Doctor en Ciencias de la Informaci\u00f3n por la Universidad  Complutense de Madrid. <\/p>\n","protected":false},"excerpt":{"rendered":"<p>Este mi\u00e9rcoles 6 de julio, de 11:00 a 13:00 horas, un Panel de Expertos abordar\u00e1n interesantes t\u00f3picos en un foro panel denominado: Propuesta Nueva Constituci\u00f3n, en torno a la Regionalizaci\u00f3n y Gobiernos Locales. La actividad organizada por la Escuela Ciencia Pol\u00edtica y Administraci\u00f3n P\u00fablica, Campus Talca y Asociaci\u00f3n Chilena de Municipalidades, es de car\u00e1cter liberada [&hellip;]<\/p>\n","protected":false},"author":2,"featured_media":423,"comment_status":"open","ping_status":"open","sticky":false,"template":"","format":"standard","meta":[],"categories":[4],"tags":[],"_links":{"self":[{"href":"https:\/\/www.administracionpublica.utalca.cl\/index.php?rest_route=\/wp\/v2\/posts\/419"}],"collection":[{"href":"https:\/\/www.administracionpublica.utalca.cl\/index.php?rest_route=\/wp\/v2\/posts"}],"about":[{"href":"https:\/\/www.administracionpublica.utalca.cl\/index.php?rest_route=\/wp\/v2\/types\/post"}],"author":[{"embeddable":true,"href":"https:\/\/www.administracionpublica.utalca.cl\/index.php?rest_route=\/wp\/v2\/users\/2"}],"replies":[{"embeddable":true,"href":"https:\/\/www.administracionpublica.utalca.cl\/index.php?rest_route=%2Fwp%2Fv2%2Fcomments&post=419"}],"version-history":[{"count":5,"href":"https:\/\/www.administracionpublica.utalca.cl\/index.php?rest_route=\/wp\/v2\/posts\/419\/revisions"}],"predecessor-version":[{"id":430,"href":"https:\/\/www.administracionpublica.utalca.cl\/index.php?rest_route=\/wp\/v2\/posts\/419\/revisions\/430"}],"wp:featuredmedia":[{"embeddable":true,"href":"https:\/\/www.administracionpublica.utalca.cl\/index.php?rest_route=\/wp\/v2\/media\/423"}],"wp:attachment":[{"href":"https:\/\/www.administracionpublica.utalca.cl\/index.php?rest_route=%2Fwp%2Fv2%2Fmedia&parent=419"}],"wp:term":[{"taxonomy":"category","embeddable":true,"href":"https:\/\/www.administracionpublica.utalca.cl\/index.php?rest_route=%2Fwp%2Fv2%2Fcategories&post=419"},{"taxonomy":"post_tag","embeddable":true,"href":"https:\/\/www.administracionpublica.utalca.cl\/index.php?rest_route=%2Fwp%2Fv2%2Ftags&post=419"}],"curies":[{"name":"wp","href":"https:\/\/api.w.org\/{rel}","templated":true}]}}