{"id":431,"date":"2022-06-29T02:07:27","date_gmt":"2022-06-29T02:07:27","guid":{"rendered":"http:\/\/www.administracionpublica.utalca.cl\/?p=431"},"modified":"2022-06-29T02:15:21","modified_gmt":"2022-06-29T02:15:21","slug":"el-profesor-paulo-hidalgo-aramburu-dicto-una-charla-sobre-el-estallido-social-y-nuevo-ciclo-politico-en-chile-en-la-universidad-de-buenos-aires","status":"publish","type":"post","link":"https:\/\/www.administracionpublica.utalca.cl\/?p=431","title":{"rendered":"El profesor Paulo Hidalgo Aramburu dict\u00f3 una charla sobre el Estallido social y nuevo ciclo pol\u00edtico en Chile en la Universidad de Buenos Aires"},"content":{"rendered":"<p>El pasado 23 de junio, en la sede del Instituto de Investigaciones Gino Germani, perteneciente a Facultad de Ciencias Sociales de la Universidad de Buenos Aires, el profesor de Ciencia Pol\u00edtica y Pol\u00edticas P\u00fablicas de la Facultad de Ciencias Jur\u00eddicas y Sociales de la Universidad de Talca, Paulo Hidalgo Aramburu, dict\u00f3 una interesante charla que abord\u00f3 \u201cEl estallido social y la nueva constituci\u00f3n chilena\u201d. <\/p>\n<p>As\u00ed lo dio a conocer el director del Programa de Historia Pol\u00edtica del Instituto de Investigaciones Gino Germani, Marcos Novaro, quien dijo que \u201cen la ocasi\u00f3n pudimos profundizar sobre las protestas y el nuevo ciclo pol\u00edtico iniciado en Chile, as\u00ed como analizar los procesos pol\u00edticos previos y compararlos con experiencias similares en nuestro pa\u00eds\u201d, sostuvo el especialista en historia pol\u00edtica.<\/p>\n<p>Cabe destacar que la conferencia del profesor Paulo Hidalgo concit\u00f3 un gran inter\u00e9s en los miembros del programa de investigaci\u00f3n dirigido por Marcos Novaro, quien destac\u00f3 que \u201cla ponencia fue presenciada y valorada tambi\u00e9n por los miembros del Club Pol\u00edtico Argentino, que fueron especialmente invitados a escuchar al profesor Hidalgo\u201d.<\/p>\n<p>Del mismo modo, Marcos Novaro, director del Programa de Historia Pol\u00edtica del Instituto de Investigaciones Gino Germani, manifest\u00f3 un profundo inter\u00e9s para \u201ccontinuar con el intercambio de conocimientos y experiencia iniciado con vuestra instituci\u00f3n, a trav\u00e9s del Prof. Hidalgo, ya que estamos convencidos de que ser\u00e1, como se ha demostrado con esta actividad, un valioso mecanismo para estimular nuestros respectivos programas de investigaci\u00f3n sobre la realidad de pol\u00edtica regional\u201d, afirm\u00f3 el experto en Historia Pol\u00edtica. <\/p>\n","protected":false},"excerpt":{"rendered":"<p>El pasado 23 de junio, en la sede del Instituto de Investigaciones Gino Germani, perteneciente a Facultad de Ciencias Sociales de la Universidad de Buenos Aires, el profesor de Ciencia Pol\u00edtica y Pol\u00edticas P\u00fablicas de la Facultad de Ciencias Jur\u00eddicas y Sociales de la Universidad de Talca, Paulo Hidalgo Aramburu, dict\u00f3 una interesante charla que [&hellip;]<\/p>\n","protected":false},"author":2,"featured_media":436,"comment_status":"open","ping_status":"open","sticky":false,"template":"","format":"standard","meta":[],"categories":[4],"tags":[],"_links":{"self":[{"href":"https:\/\/www.administracionpublica.utalca.cl\/index.php?rest_route=\/wp\/v2\/posts\/431"}],"collection":[{"href":"https:\/\/www.administracionpublica.utalca.cl\/index.php?rest_route=\/wp\/v2\/posts"}],"about":[{"href":"https:\/\/www.administracionpublica.utalca.cl\/index.php?rest_route=\/wp\/v2\/types\/post"}],"author":[{"embeddable":true,"href":"https:\/\/www.administracionpublica.utalca.cl\/index.php?rest_route=\/wp\/v2\/users\/2"}],"replies":[{"embeddable":true,"href":"https:\/\/www.administracionpublica.utalca.cl\/index.php?rest_route=%2Fwp%2Fv2%2Fcomments&post=431"}],"version-history":[{"count":2,"href":"https:\/\/www.administracionpublica.utalca.cl\/index.php?rest_route=\/wp\/v2\/posts\/431\/revisions"}],"predecessor-version":[{"id":437,"href":"https:\/\/www.administracionpublica.utalca.cl\/index.php?rest_route=\/wp\/v2\/posts\/431\/revisions\/437"}],"wp:featuredmedia":[{"embeddable":true,"href":"https:\/\/www.administracionpublica.utalca.cl\/index.php?rest_route=\/wp\/v2\/media\/436"}],"wp:attachment":[{"href":"https:\/\/www.administracionpublica.utalca.cl\/index.php?rest_route=%2Fwp%2Fv2%2Fmedia&parent=431"}],"wp:term":[{"taxonomy":"category","embeddable":true,"href":"https:\/\/www.administracionpublica.utalca.cl\/index.php?rest_route=%2Fwp%2Fv2%2Fcategories&post=431"},{"taxonomy":"post_tag","embeddable":true,"href":"https:\/\/www.administracionpublica.utalca.cl\/index.php?rest_route=%2Fwp%2Fv2%2Ftags&post=431"}],"curies":[{"name":"wp","href":"https:\/\/api.w.org\/{rel}","templated":true}]}}