{"id":444,"date":"2022-08-03T16:17:32","date_gmt":"2022-08-03T16:17:32","guid":{"rendered":"http:\/\/www.administracionpublica.utalca.cl\/?p=444"},"modified":"2022-08-03T16:17:32","modified_gmt":"2022-08-03T16:17:32","slug":"40-dirigentes-de-la-agrupacion-nacional-de-empleados-ficales-participaron-en-charla-dictada-por-el-dr-osvaldo-henriquez","status":"publish","type":"post","link":"https:\/\/www.administracionpublica.utalca.cl\/?p=444","title":{"rendered":"40 Dirigentes de la Agrupaci\u00f3n Nacional de Empleados Ficales participaron en Charla dictada por el Dr. Osvaldo Henr\u00edquez"},"content":{"rendered":"<p>Durante el lunes 1 de agosto, el Dr. Osvaldo Henr\u00edquez, acad\u00e9mico de la Escuela de Ciencia Pol\u00edtica y Administraci\u00f3n P\u00fablica de la Universidad de Talca, particip\u00f3 en una interesante Charla dictada a 40 dirigentes de la Agrupaci\u00f3n Nacional de Empleados Fiscales (ANEF) y representantes regionales. <\/p>\n<p>En dicho encuentro se discuti\u00f3 sobre La Descentralizaci\u00f3n del Estado y el efecto en la administraci\u00f3n regional y los funcionarios p\u00fablicos en Chile. <\/p>\n<p>El encuentro cont\u00f3 con las palabras de bienvenida del Presidente de la ANEF, Jos\u00e9 P\u00e9rez Debelli.<\/p>\n","protected":false},"excerpt":{"rendered":"<p>Durante el lunes 1 de agosto, el Dr. Osvaldo Henr\u00edquez, acad\u00e9mico de la Escuela de Ciencia Pol\u00edtica y Administraci\u00f3n P\u00fablica de la Universidad de Talca, particip\u00f3 en una interesante Charla dictada a 40 dirigentes de la Agrupaci\u00f3n Nacional de Empleados Fiscales (ANEF) y representantes regionales. En dicho encuentro se discuti\u00f3 sobre La Descentralizaci\u00f3n del Estado [&hellip;]<\/p>\n","protected":false},"author":2,"featured_media":445,"comment_status":"open","ping_status":"open","sticky":false,"template":"","format":"standard","meta":[],"categories":[4],"tags":[],"_links":{"self":[{"href":"https:\/\/www.administracionpublica.utalca.cl\/index.php?rest_route=\/wp\/v2\/posts\/444"}],"collection":[{"href":"https:\/\/www.administracionpublica.utalca.cl\/index.php?rest_route=\/wp\/v2\/posts"}],"about":[{"href":"https:\/\/www.administracionpublica.utalca.cl\/index.php?rest_route=\/wp\/v2\/types\/post"}],"author":[{"embeddable":true,"href":"https:\/\/www.administracionpublica.utalca.cl\/index.php?rest_route=\/wp\/v2\/users\/2"}],"replies":[{"embeddable":true,"href":"https:\/\/www.administracionpublica.utalca.cl\/index.php?rest_route=%2Fwp%2Fv2%2Fcomments&post=444"}],"version-history":[{"count":1,"href":"https:\/\/www.administracionpublica.utalca.cl\/index.php?rest_route=\/wp\/v2\/posts\/444\/revisions"}],"predecessor-version":[{"id":446,"href":"https:\/\/www.administracionpublica.utalca.cl\/index.php?rest_route=\/wp\/v2\/posts\/444\/revisions\/446"}],"wp:featuredmedia":[{"embeddable":true,"href":"https:\/\/www.administracionpublica.utalca.cl\/index.php?rest_route=\/wp\/v2\/media\/445"}],"wp:attachment":[{"href":"https:\/\/www.administracionpublica.utalca.cl\/index.php?rest_route=%2Fwp%2Fv2%2Fmedia&parent=444"}],"wp:term":[{"taxonomy":"category","embeddable":true,"href":"https:\/\/www.administracionpublica.utalca.cl\/index.php?rest_route=%2Fwp%2Fv2%2Fcategories&post=444"},{"taxonomy":"post_tag","embeddable":true,"href":"https:\/\/www.administracionpublica.utalca.cl\/index.php?rest_route=%2Fwp%2Fv2%2Ftags&post=444"}],"curies":[{"name":"wp","href":"https:\/\/api.w.org\/{rel}","templated":true}]}}