{"id":454,"date":"2022-09-01T17:30:42","date_gmt":"2022-09-01T17:30:42","guid":{"rendered":"http:\/\/www.administracionpublica.utalca.cl\/?p=454"},"modified":"2022-09-01T13:57:29","modified_gmt":"2022-09-01T13:57:29","slug":"alumnos-de-ciencia-politica-y-administracion-publica-festejaron-un-nuevo-aniversario-de-su-escuela-en-el-campus-talca","status":"publish","type":"post","link":"https:\/\/www.administracionpublica.utalca.cl\/?p=454","title":{"rendered":"Alumnos de Ciencia Pol\u00edtica y Administraci\u00f3n P\u00fablica festejaron un nuevo aniversario de su Escuela en el Campus Talca"},"content":{"rendered":"<p>Con una serie de actividades al aire libre y dejando atr\u00e1s el claustro impuesto por la pandemia, los alumnos de la carrera de Ciencia Pol\u00edtica y Administraci\u00f3n P\u00fablica del Campus Talca se organizaron para celebrar un nuevo aniversario de su Escuela, que fue creada por all\u00e1 por septiembre del 2017.<\/p>\n<p>En este marco, el director Fernando Soto Ram\u00edrez, dijo que \u201cla verdad, despu\u00e9s de volver a la presencialidad, hemos querido hacer part\u00edcipes de este hito, tan importante para nosotros, a los estudiantes. As\u00ed que en conjunto con la direcci\u00f3n de Escuela y el grupo de nuestros delegados organizamos una peque\u00f1a celebraci\u00f3n para festejarnos, porque la vida universitaria no se reduce solamente a las salas de clases, evaluaciones o pruebas, sino que tambi\u00e9n a compartir con sus compa\u00f1eros, con sus profesores y sobre todo con sus autoridades, en un entorno tan lindo de nuestro Campus\u201d, dijo muy contento Fernando Soto Ram\u00edrez, director de la Escuela de Ciencia Pol\u00edtica y Administraci\u00f3n P\u00fablica campus Talca.<\/p>\n<p> Por lo mismo, se contemplaron diversas actividades para los d\u00edas 31 de agosto y 1 de septiembre. As\u00ed lo coment\u00f3 Isa\u00edas Montecinos, alumno de tercer a\u00f1o de la carrera, quien dijo que \u201chemos organizado esta actividad de celebraci\u00f3n post pandemia como algo absolutamente nuevo, porque nunca se hab\u00eda hecho un aniversario dentro de la carrera, pues el 2019 fue el estallido, despu\u00e9s vino la pandemia y entonces ahora, se pudo hacer esto e igualmente este a\u00f1o es importante pues sale una generaci\u00f3n de la carrera\u201d, dijo de manera entusiasta Isa\u00edas Montecinos.<\/p>\n<p>Del mismo modo, para Estefan\u00eda Chac\u00f3n, alumna de tercer a\u00f1o, esta celebraci\u00f3n cobra mucha relevancia \u201cpues somos una Escuela s\u00faper nueva. Nuestra generaci\u00f3n reci\u00e9n est\u00e1 saliendo y tenemos que celebrarlo con algo. Esto sali\u00f3 de improviso, pero con mucho \u00e1nimo y ganas de celebrar. Por lo mismo, creamos alianzas y tenemos actividades deportivas, de cultura general y tambi\u00e9n para conocer un poco m\u00e1s de la carrera\u201d, dijo muy contenta Estefan\u00eda Chac\u00f3n. <\/p>\n<p>Los alumnos de dividieron en dos alianzas durante la celebraci\u00f3n: la verde y la morada. Lo anterior, para competir en una serie de entretenidas actividades entre las que se cuentan las ya tradicionales: Mesa Pide, Yincana, V\u00f3ley, Si la Sabe Cante, Tirar la Cuerda, entre otras actividades recreativas orientadas a la celebraci\u00f3n de estos 5 a\u00f1os de vida de la Escuela de Ciencia Pol\u00edtica y Administraci\u00f3n P\u00fablica.      <\/p>\n","protected":false},"excerpt":{"rendered":"<p>Con una serie de actividades al aire libre y dejando atr\u00e1s el claustro impuesto por la pandemia, los alumnos de la carrera de Ciencia Pol\u00edtica y Administraci\u00f3n P\u00fablica del Campus Talca se organizaron para celebrar un nuevo aniversario de su Escuela, que fue creada por all\u00e1 por septiembre del 2017. En este marco, el director [&hellip;]<\/p>\n","protected":false},"author":2,"featured_media":456,"comment_status":"open","ping_status":"open","sticky":false,"template":"","format":"standard","meta":[],"categories":[4],"tags":[],"_links":{"self":[{"href":"https:\/\/www.administracionpublica.utalca.cl\/index.php?rest_route=\/wp\/v2\/posts\/454"}],"collection":[{"href":"https:\/\/www.administracionpublica.utalca.cl\/index.php?rest_route=\/wp\/v2\/posts"}],"about":[{"href":"https:\/\/www.administracionpublica.utalca.cl\/index.php?rest_route=\/wp\/v2\/types\/post"}],"author":[{"embeddable":true,"href":"https:\/\/www.administracionpublica.utalca.cl\/index.php?rest_route=\/wp\/v2\/users\/2"}],"replies":[{"embeddable":true,"href":"https:\/\/www.administracionpublica.utalca.cl\/index.php?rest_route=%2Fwp%2Fv2%2Fcomments&post=454"}],"version-history":[{"count":2,"href":"https:\/\/www.administracionpublica.utalca.cl\/index.php?rest_route=\/wp\/v2\/posts\/454\/revisions"}],"predecessor-version":[{"id":457,"href":"https:\/\/www.administracionpublica.utalca.cl\/index.php?rest_route=\/wp\/v2\/posts\/454\/revisions\/457"}],"wp:featuredmedia":[{"embeddable":true,"href":"https:\/\/www.administracionpublica.utalca.cl\/index.php?rest_route=\/wp\/v2\/media\/456"}],"wp:attachment":[{"href":"https:\/\/www.administracionpublica.utalca.cl\/index.php?rest_route=%2Fwp%2Fv2%2Fmedia&parent=454"}],"wp:term":[{"taxonomy":"category","embeddable":true,"href":"https:\/\/www.administracionpublica.utalca.cl\/index.php?rest_route=%2Fwp%2Fv2%2Fcategories&post=454"},{"taxonomy":"post_tag","embeddable":true,"href":"https:\/\/www.administracionpublica.utalca.cl\/index.php?rest_route=%2Fwp%2Fv2%2Ftags&post=454"}],"curies":[{"name":"wp","href":"https:\/\/api.w.org\/{rel}","templated":true}]}}