{"id":467,"date":"2022-09-12T20:44:07","date_gmt":"2022-09-12T20:44:07","guid":{"rendered":"http:\/\/www.administracionpublica.utalca.cl\/?p=467"},"modified":"2022-09-12T20:44:07","modified_gmt":"2022-09-12T20:44:07","slug":"facultad-de-ciencias-juridicas-y-sociales-anticipo-celebracion-de-fiestas-patrias-2022","status":"publish","type":"post","link":"https:\/\/www.administracionpublica.utalca.cl\/?p=467","title":{"rendered":"Facultad de Ciencias Jur\u00eddicas y Sociales anticip\u00f3 celebraci\u00f3n de Fiestas Patrias 2022"},"content":{"rendered":"<p>Estudiantes, profesores y funcionarios de Derecho y Administraci\u00f3n P\u00fablica, compartieron una celebraci\u00f3n de Fiestas Patrias en el patio principal de la Facultad <\/p>\n<p>Se trat\u00f3 de un ambiente distendido donde los asistentes compartieron m\u00fasica, bailes y juegos t\u00edpicos.<\/p>\n<p>Tal como indic\u00f3 el decano de la Facultad, Dr. Rodrigo Palomo, \u201cjunto con desear unas felices fiestas patrias a todos y todas, creemos que estas actividades son importantes para fortalecer lazos entre los tres estamentos y, por otra parte, favorecen la generaci\u00f3n de entornos y relaciones positivas, asunto que caracteriza a nuestra Facultad\u201d, dijo Rodrigo Palomo.<\/p>\n<p>En la oportunidad, alumnos de las carreras de Derecho y Ciencia Pol\u00edtica y Administraci\u00f3n P\u00fablica del campus Talca, junto a docentes y administrativos, disfrutaron sanas competencias folcl\u00f3ricas como las cl\u00e1sicas carreras en saco y otros juegos t\u00edpicos, todo en el marco de una celebraci\u00f3n anticipada de fiestas patrias. <\/p>\n","protected":false},"excerpt":{"rendered":"<p>Estudiantes, profesores y funcionarios de Derecho y Administraci\u00f3n P\u00fablica, compartieron una celebraci\u00f3n de Fiestas Patrias en el patio principal de la Facultad Se trat\u00f3 de un ambiente distendido donde los asistentes compartieron m\u00fasica, bailes y juegos t\u00edpicos. Tal como indic\u00f3 el decano de la Facultad, Dr. Rodrigo Palomo, \u201cjunto con desear unas felices fiestas patrias [&hellip;]<\/p>\n","protected":false},"author":2,"featured_media":469,"comment_status":"open","ping_status":"open","sticky":false,"template":"","format":"standard","meta":[],"categories":[4],"tags":[],"_links":{"self":[{"href":"https:\/\/www.administracionpublica.utalca.cl\/index.php?rest_route=\/wp\/v2\/posts\/467"}],"collection":[{"href":"https:\/\/www.administracionpublica.utalca.cl\/index.php?rest_route=\/wp\/v2\/posts"}],"about":[{"href":"https:\/\/www.administracionpublica.utalca.cl\/index.php?rest_route=\/wp\/v2\/types\/post"}],"author":[{"embeddable":true,"href":"https:\/\/www.administracionpublica.utalca.cl\/index.php?rest_route=\/wp\/v2\/users\/2"}],"replies":[{"embeddable":true,"href":"https:\/\/www.administracionpublica.utalca.cl\/index.php?rest_route=%2Fwp%2Fv2%2Fcomments&post=467"}],"version-history":[{"count":1,"href":"https:\/\/www.administracionpublica.utalca.cl\/index.php?rest_route=\/wp\/v2\/posts\/467\/revisions"}],"predecessor-version":[{"id":468,"href":"https:\/\/www.administracionpublica.utalca.cl\/index.php?rest_route=\/wp\/v2\/posts\/467\/revisions\/468"}],"wp:featuredmedia":[{"embeddable":true,"href":"https:\/\/www.administracionpublica.utalca.cl\/index.php?rest_route=\/wp\/v2\/media\/469"}],"wp:attachment":[{"href":"https:\/\/www.administracionpublica.utalca.cl\/index.php?rest_route=%2Fwp%2Fv2%2Fmedia&parent=467"}],"wp:term":[{"taxonomy":"category","embeddable":true,"href":"https:\/\/www.administracionpublica.utalca.cl\/index.php?rest_route=%2Fwp%2Fv2%2Fcategories&post=467"},{"taxonomy":"post_tag","embeddable":true,"href":"https:\/\/www.administracionpublica.utalca.cl\/index.php?rest_route=%2Fwp%2Fv2%2Ftags&post=467"}],"curies":[{"name":"wp","href":"https:\/\/api.w.org\/{rel}","templated":true}]}}