{"id":470,"date":"2022-09-15T12:44:27","date_gmt":"2022-09-15T12:44:27","guid":{"rendered":"http:\/\/www.administracionpublica.utalca.cl\/?p=470"},"modified":"2022-09-15T12:44:27","modified_gmt":"2022-09-15T12:44:27","slug":"encargados-territoriales-del-proyecto-de-la-geff-marino-costero-participaron-en-charla-dictada-por-el-dr-osvaldo-henriquez-opazo","status":"publish","type":"post","link":"https:\/\/www.administracionpublica.utalca.cl\/?p=470","title":{"rendered":"Encargados territoriales del proyecto de la GEFF Marino Costero participaron en Charla dictada por el Dr. Osvaldo Henr\u00edquez Opazo"},"content":{"rendered":"<p>Durante la jornada del d\u00eda mi\u00e9rcoles 14 de septiembre, el Dr. Osvaldo Henr\u00edquez O. Acad\u00e9mico de la Escuela de Ciencia Pol\u00edtica y Administraci\u00f3n P\u00fablica, realiz\u00f3 una Charla a los encargados territoriales del proyecto de la GEFF Marino Costero.<\/p>\n<p>El acad\u00e9mico fue invitado por la Organizaci\u00f3n de Naciones Unidas para la Alimentaci\u00f3n y la Agricultura (FAO) y el Ministerio de Medio Ambiente. La iniciativa se gest\u00f3 en pro de apoyar el fortalecimiento de la gobernanza y la gesti\u00f3n, para avanzar hacia la conservaci\u00f3n y el uso sostenible y resiliente de estos ecosistemas en Chile, para las generaciones presentes y futuras.<\/p>\n<p>Durante su exposici\u00f3n, el profesor Osvaldo Henr\u00edquez, realiz\u00f3 un an\u00e1lisis cr\u00edtico del marco institucional marino costero y sus posibilidades de mejora.<\/p>\n","protected":false},"excerpt":{"rendered":"<p>Durante la jornada del d\u00eda mi\u00e9rcoles 14 de septiembre, el Dr. Osvaldo Henr\u00edquez O. Acad\u00e9mico de la Escuela de Ciencia Pol\u00edtica y Administraci\u00f3n P\u00fablica, realiz\u00f3 una Charla a los encargados territoriales del proyecto de la GEFF Marino Costero. El acad\u00e9mico fue invitado por la Organizaci\u00f3n de Naciones Unidas para la Alimentaci\u00f3n y la Agricultura (FAO) [&hellip;]<\/p>\n","protected":false},"author":2,"featured_media":472,"comment_status":"open","ping_status":"open","sticky":false,"template":"","format":"standard","meta":[],"categories":[4],"tags":[],"_links":{"self":[{"href":"https:\/\/www.administracionpublica.utalca.cl\/index.php?rest_route=\/wp\/v2\/posts\/470"}],"collection":[{"href":"https:\/\/www.administracionpublica.utalca.cl\/index.php?rest_route=\/wp\/v2\/posts"}],"about":[{"href":"https:\/\/www.administracionpublica.utalca.cl\/index.php?rest_route=\/wp\/v2\/types\/post"}],"author":[{"embeddable":true,"href":"https:\/\/www.administracionpublica.utalca.cl\/index.php?rest_route=\/wp\/v2\/users\/2"}],"replies":[{"embeddable":true,"href":"https:\/\/www.administracionpublica.utalca.cl\/index.php?rest_route=%2Fwp%2Fv2%2Fcomments&post=470"}],"version-history":[{"count":3,"href":"https:\/\/www.administracionpublica.utalca.cl\/index.php?rest_route=\/wp\/v2\/posts\/470\/revisions"}],"predecessor-version":[{"id":474,"href":"https:\/\/www.administracionpublica.utalca.cl\/index.php?rest_route=\/wp\/v2\/posts\/470\/revisions\/474"}],"wp:featuredmedia":[{"embeddable":true,"href":"https:\/\/www.administracionpublica.utalca.cl\/index.php?rest_route=\/wp\/v2\/media\/472"}],"wp:attachment":[{"href":"https:\/\/www.administracionpublica.utalca.cl\/index.php?rest_route=%2Fwp%2Fv2%2Fmedia&parent=470"}],"wp:term":[{"taxonomy":"category","embeddable":true,"href":"https:\/\/www.administracionpublica.utalca.cl\/index.php?rest_route=%2Fwp%2Fv2%2Fcategories&post=470"},{"taxonomy":"post_tag","embeddable":true,"href":"https:\/\/www.administracionpublica.utalca.cl\/index.php?rest_route=%2Fwp%2Fv2%2Ftags&post=470"}],"curies":[{"name":"wp","href":"https:\/\/api.w.org\/{rel}","templated":true}]}}