{"id":476,"date":"2022-09-27T12:54:20","date_gmt":"2022-09-27T12:54:20","guid":{"rendered":"http:\/\/www.administracionpublica.utalca.cl\/?p=476"},"modified":"2022-09-27T12:54:20","modified_gmt":"2022-09-27T12:54:20","slug":"dirigentes-sindicales-de-la-agrupacion-de-funcionarios-fiscales-anef-region-de-coquimbo-participaron-en-conversatorio","status":"publish","type":"post","link":"https:\/\/www.administracionpublica.utalca.cl\/?p=476","title":{"rendered":"Dirigentes Sindicales de la Agrupaci\u00f3n de Funcionarios Fiscales, ANEF, Regi\u00f3n de Coquimbo, participaron en Conversatorio"},"content":{"rendered":"<p>El Dr. Osvaldo Henr\u00edquez Opazo, docente de la Escuela de Ciencia Pol\u00edtica y Administraci\u00f3n P\u00fablica, comparti\u00f3 interesantes puntos de vista en un Conversatorio con dirigentes gremiales pertenecientes a la ANEF Coquimbo.<\/p>\n<p>La actividad se realiz\u00f3 durante la jornada del d\u00eda 23 de septiembre y en ella estuvieron representantes de varios organismos p\u00fablicos, entre ellos, INDAP, SEREMI VIVIENDA, GOBIERNO REGIONAL, FOSIS, entre otros. <\/p>\n<p>Cabe destacar que, en este conversatorio, se trataron t\u00f3picos referentes al impacto del proceso de transferencia de competencias y descentralizaci\u00f3n administrativa en las instituciones p\u00fablicas regionales y el rol de los funcionarios p\u00fablicos en dicho proceso.<\/p>\n","protected":false},"excerpt":{"rendered":"<p>El Dr. Osvaldo Henr\u00edquez Opazo, docente de la Escuela de Ciencia Pol\u00edtica y Administraci\u00f3n P\u00fablica, comparti\u00f3 interesantes puntos de vista en un Conversatorio con dirigentes gremiales pertenecientes a la ANEF Coquimbo. La actividad se realiz\u00f3 durante la jornada del d\u00eda 23 de septiembre y en ella estuvieron representantes de varios organismos p\u00fablicos, entre ellos, INDAP, [&hellip;]<\/p>\n","protected":false},"author":2,"featured_media":478,"comment_status":"open","ping_status":"open","sticky":false,"template":"","format":"standard","meta":[],"categories":[4],"tags":[],"_links":{"self":[{"href":"https:\/\/www.administracionpublica.utalca.cl\/index.php?rest_route=\/wp\/v2\/posts\/476"}],"collection":[{"href":"https:\/\/www.administracionpublica.utalca.cl\/index.php?rest_route=\/wp\/v2\/posts"}],"about":[{"href":"https:\/\/www.administracionpublica.utalca.cl\/index.php?rest_route=\/wp\/v2\/types\/post"}],"author":[{"embeddable":true,"href":"https:\/\/www.administracionpublica.utalca.cl\/index.php?rest_route=\/wp\/v2\/users\/2"}],"replies":[{"embeddable":true,"href":"https:\/\/www.administracionpublica.utalca.cl\/index.php?rest_route=%2Fwp%2Fv2%2Fcomments&post=476"}],"version-history":[{"count":2,"href":"https:\/\/www.administracionpublica.utalca.cl\/index.php?rest_route=\/wp\/v2\/posts\/476\/revisions"}],"predecessor-version":[{"id":479,"href":"https:\/\/www.administracionpublica.utalca.cl\/index.php?rest_route=\/wp\/v2\/posts\/476\/revisions\/479"}],"wp:featuredmedia":[{"embeddable":true,"href":"https:\/\/www.administracionpublica.utalca.cl\/index.php?rest_route=\/wp\/v2\/media\/478"}],"wp:attachment":[{"href":"https:\/\/www.administracionpublica.utalca.cl\/index.php?rest_route=%2Fwp%2Fv2%2Fmedia&parent=476"}],"wp:term":[{"taxonomy":"category","embeddable":true,"href":"https:\/\/www.administracionpublica.utalca.cl\/index.php?rest_route=%2Fwp%2Fv2%2Fcategories&post=476"},{"taxonomy":"post_tag","embeddable":true,"href":"https:\/\/www.administracionpublica.utalca.cl\/index.php?rest_route=%2Fwp%2Fv2%2Ftags&post=476"}],"curies":[{"name":"wp","href":"https:\/\/api.w.org\/{rel}","templated":true}]}}