{"id":493,"date":"2022-10-07T12:21:26","date_gmt":"2022-10-07T12:21:26","guid":{"rendered":"http:\/\/www.administracionpublica.utalca.cl\/?p=493"},"modified":"2022-10-07T12:21:26","modified_gmt":"2022-10-07T12:21:26","slug":"primera-sesion-de-las-iii-jornadas-interdisciplinarias-2022-se-realizo-con-exito-en-campus-santiago","status":"publish","type":"post","link":"https:\/\/www.administracionpublica.utalca.cl\/?p=493","title":{"rendered":"Primera sesi\u00f3n de las III Jornadas Interdisciplinarias 2022 se realiz\u00f3 con \u00e9xito en Campus Santiago"},"content":{"rendered":"<p>Con la presencia del destacado acad\u00e9mico y escritor argentino Marcelo Cavarozzi, quien expuso sobre la \u201cEvoluci\u00f3n de la Democracia en Chile\u201d, y la asistencia presencial y virtual de profesores de las carreras de Derecho, Ciencia Pol\u00edtica y Administraci\u00f3n P\u00fablica, se realiz\u00f3 en el Centro de Extensi\u00f3n de la UTalca en Santiago, la primera sesi\u00f3n de las Terceras Jornadas Interdisciplinarias: \u201cLos desaf\u00edos del Proceso Constituyente para el Derecho, la Administraci\u00f3n P\u00fablica y la Ciencia Pol\u00edtica\u201d, que organiza la Facultad de Ciencias Jur\u00eddicas y Sociales, en el marco de su Trig\u00e9simo Aniversario, y cuyo objetivo es reflexionar y debatir sobre los desaf\u00edos del proceso constituyente en marcha, desde una mirada interdisciplinar.  <\/p>\n<p>Tal como expres\u00f3 el Dr. Rodrigo Palomo V\u00e9lez, \u201cEste proceso sigue abierto tras el plebiscito de salida, y queremos contribuir a su discusi\u00f3n desde las tres miradas disciplinares que proponemos\u201d, asever\u00f3 el decano Rodrigo Palomo, durante el conversatorio acad\u00e9mico. <\/p>\n<p>Cabe destacar que las primeras Jornadas Interdisciplinarias de la Facultad se realizaron para el aniversario n\u00famero quince y luego se repitieron durante el vig\u00e9simo aniversario, seg\u00fan cuenta Rodrigo Palomo que explic\u00f3 que \u201cpor primera vez, ahora en las terceras, incluimos a la Ciencia Pol\u00edtica y a la Administraci\u00f3n P\u00fablica dentro de la discusi\u00f3n. Se trata de unas jornadas muy oportunas a prop\u00f3sito del aniversario con un tema definido por el Consejo de Facultad, en raz\u00f3n de la contingencia, siendo el tema que nos convoca el an\u00e1lisis del proceso constituyente, proceso que sigue abierto despu\u00e9s del resultado de Salida y donde queremos seguir contribuyendo en ese proceso, desde la Facultad con las tres miradas que ahora proponemos\u201d, enfatiz\u00f3 el Decano. <\/p>\n<p>En cuanto a la respuesta social frente al proceso Rodrigo Palomo argumento que \u201caqu\u00ed son importantes todos los actores. Creo que uno de los problemas del proceso anterior en la Convenci\u00f3n Constitucional fue un poco marginar de la discusi\u00f3n a la academia y concentrarse mucho en, exclusivamente los movimientos sociales. Creo que la combinaci\u00f3n y el dialogo entre los distintos actores que puedan contribuir a un mejor proceso constituyente es clave y en ese sentido la Facultad siempre ha estado dispuesta a contribuir\u201d, afirm\u00f3 el Dr. Rodrigo Palomo.<\/p>\n<p>Por otra parte, dijo que \u201ctodas las ponencias que se har\u00e1n en torno a estas Jornadas se van a incluir en el libro colectivo y ser\u00e1n publicadas a la brevedad por la editorial Tirant Lo Blanch\u201d.<br \/>\nSobre la importancia que tiene el hecho de que la Universidad de Talca se haga participe en este tema de la contingencia nacional, Rodrigo Palomo sostuvo que \u201ccreo que la Universidad de Talca tiene caracter\u00edsticas vitales que la hacen muy apta y competente para abordar esta discusi\u00f3n. Por su puesto, se trata de una Universidad p\u00fablica donde no hay ning\u00fan tema vedado, por lo tanto todas las posiciones, desde el pluralismo y la diversidad son bien recibidas y podemos, efectivamente, efectuar ese dialogo; segundo, porque se trata de una universidad que tiene una vocaci\u00f3n regional, para poder instalarse en los temas locales y eso tambi\u00e9n, le da ciertas peculiaridades a los temas y al abordaje de los temas y, por cierto tambi\u00e9n porque tiene una Facultad compleja que involucra tres disciplinas, lo que hace que nuestra aproximaci\u00f3n interdisciplinaria la haga tambi\u00e9n especial\u201d.<\/p>\n<p>En cuanto al escenario que tiene el pa\u00eds en este momento, el Decano dijo que \u201cel tiempo que vivimos debe verse como un tiempo de esperanza, un tiempo donde efectivamente se pueda avanzar como sociedad, hacia una sociedad m\u00e1s justa desde la perspectiva social y esto, sin duda, supone un proceso complejo; supone reequilibrio de poderes y eso, sin duda est\u00e1 generando las dificultades que hemos visto hasta el d\u00eda de hoy. Confiamos en que el debate va a seguir d\u00e1ndose por los canales democr\u00e1ticos y vamos a llegar al mejor resultado posible para Chile\u201d, manifest\u00f3 el Dr. Rodrigo Palomo V\u00e9lez.<\/p>\n<p>Cabe destacar que la segunda sesi\u00f3n de las Terceras Jornadas Interdisciplinarias se har\u00e1 el jueves 13 de octubre en el Campus Talca, lugar donde se llevar\u00e1 a cabo la Ceremonia Oficial de Aniversario de la Facultad para celebrar los 30 a\u00f1os de vida de la Facultad de Ciencias Jur\u00eddicas y Sociales.<\/p>\n<p><a href=\"https:\/\/www.facebook.com\/utalcafcjs\/videos\/657561402453095\">Ver primera sesi\u00f3n<\/a><\/p>\n","protected":false},"excerpt":{"rendered":"<p>Con la presencia del destacado acad\u00e9mico y escritor argentino Marcelo Cavarozzi, quien expuso sobre la \u201cEvoluci\u00f3n de la Democracia en Chile\u201d, y la asistencia presencial y virtual de profesores de las carreras de Derecho, Ciencia Pol\u00edtica y Administraci\u00f3n P\u00fablica, se realiz\u00f3 en el Centro de Extensi\u00f3n de la UTalca en Santiago, la primera sesi\u00f3n de [&hellip;]<\/p>\n","protected":false},"author":2,"featured_media":494,"comment_status":"open","ping_status":"open","sticky":false,"template":"","format":"standard","meta":[],"categories":[4],"tags":[],"_links":{"self":[{"href":"https:\/\/www.administracionpublica.utalca.cl\/index.php?rest_route=\/wp\/v2\/posts\/493"}],"collection":[{"href":"https:\/\/www.administracionpublica.utalca.cl\/index.php?rest_route=\/wp\/v2\/posts"}],"about":[{"href":"https:\/\/www.administracionpublica.utalca.cl\/index.php?rest_route=\/wp\/v2\/types\/post"}],"author":[{"embeddable":true,"href":"https:\/\/www.administracionpublica.utalca.cl\/index.php?rest_route=\/wp\/v2\/users\/2"}],"replies":[{"embeddable":true,"href":"https:\/\/www.administracionpublica.utalca.cl\/index.php?rest_route=%2Fwp%2Fv2%2Fcomments&post=493"}],"version-history":[{"count":1,"href":"https:\/\/www.administracionpublica.utalca.cl\/index.php?rest_route=\/wp\/v2\/posts\/493\/revisions"}],"predecessor-version":[{"id":495,"href":"https:\/\/www.administracionpublica.utalca.cl\/index.php?rest_route=\/wp\/v2\/posts\/493\/revisions\/495"}],"wp:featuredmedia":[{"embeddable":true,"href":"https:\/\/www.administracionpublica.utalca.cl\/index.php?rest_route=\/wp\/v2\/media\/494"}],"wp:attachment":[{"href":"https:\/\/www.administracionpublica.utalca.cl\/index.php?rest_route=%2Fwp%2Fv2%2Fmedia&parent=493"}],"wp:term":[{"taxonomy":"category","embeddable":true,"href":"https:\/\/www.administracionpublica.utalca.cl\/index.php?rest_route=%2Fwp%2Fv2%2Fcategories&post=493"},{"taxonomy":"post_tag","embeddable":true,"href":"https:\/\/www.administracionpublica.utalca.cl\/index.php?rest_route=%2Fwp%2Fv2%2Ftags&post=493"}],"curies":[{"name":"wp","href":"https:\/\/api.w.org\/{rel}","templated":true}]}}