{"id":498,"date":"2022-10-12T19:26:41","date_gmt":"2022-10-12T19:26:41","guid":{"rendered":"http:\/\/www.administracionpublica.utalca.cl\/?p=498"},"modified":"2022-10-12T20:29:40","modified_gmt":"2022-10-12T20:29:40","slug":"doctor-en-sociologia-alejandro-pelfini-expuso-en-la-facultad-de-ciencias-juridicas-y-sociales","status":"publish","type":"post","link":"https:\/\/www.administracionpublica.utalca.cl\/?p=498","title":{"rendered":"Doctor en Sociolog\u00eda, Alejandro Pelfini, expuso en la Facultad de Ciencias Jur\u00eddicas y Sociales"},"content":{"rendered":"<p>Hasta el auditorio de Postgrado de la Facultad lleg\u00f3 Alejandro Pelfini, doctor en Sociolog\u00eda y acad\u00e9mico de la Universidad del Salvador de Buenos Aires-Argentina, para realizar una conferencia sobre: \u201cLas elites empresariales chilenas ante al cuestionamiento ciudadano\u201d.<\/p>\n<p>El acad\u00e9mico trasandino dijo sentirse muy contento por esta invitaci\u00f3n a la Universidad de Talca para exponer sobre una tem\u00e1tica de la contingencia social.<br \/>\n\u201cLa idea es encontrar un patr\u00f3n de comportamiento que nosotros denominamos contraataque. O sea, desde las elites empresariales y c\u00f3mo est\u00e1s se sit\u00faan frente a las demandas ciudadanas; frente al contexto de cierta turbulencia o malestar; es el patr\u00f3n de comportamiento principal que encontramos desde el 2011 al 2022, donde prevalece una idea de contraataque. Cuestionar la legitimidad, muchas veces, la validez de las demandas por s\u00ed mismos, de los enunciadores o titulares de esas demandas, en el sentido de, por ejemplo, si son pocos o, no representan al conjunto o generan incertidumbre o populismo y algo m\u00e1s. Entonces, lo que hacemos ac\u00e1 es cuestionar y sostenernos bien en la posici\u00f3n original de prevalencia del sector empresarial como guardi\u00e1n del modelo econ\u00f3mico chileno\u201d.<\/p>\n<p>En cuanto a la problem\u00e1tica que se suscita con las elites empresariales, el Dr. Alejandro Pelfini, dijo que \u201clo que uno ve es la prevalencia de este malestar y de esta p\u00e9rdida de legitimidad de este mismo sector frente al conjunto de la ciudadan\u00eda, pero no necesariamente de la p\u00e9rdida de su poder; de su poder principal y eso, es bueno y es malo, porque pierden su relevancia como elite, como alguien destacado, capaz de liderar, pero mantienen el poder real o f\u00e1ctico\u201d, dijo el expositor.<\/p>\n<p>Respecto a lo ocurrido el 18 de octubre con el estallido en Chile, el experto dijo \u201cbueno, ah\u00ed hay una idea de malestar y desencanto frente a cualquier forma de autoridad, pol\u00edtica, econ\u00f3mica, cultural, eclesi\u00e1stica y de todo tipo. Una brecha creciente y eso se mantiene o se agudiza, porque pareciera que no hay canales de articulaci\u00f3n, de interacci\u00f3n. El mismo proyecto Constitucional, hay que ver c\u00f3mo se reconduce de una forma constructiva. Pero las se\u00f1ales que se dan desde arriba, de los sectores tradicionales no son las m\u00e1s promisorias\u201d, manifest\u00f3 el Doctor en Sociolog\u00eda.<\/p>\n<p>La conferencia desarrollada en el auditorio de postgrado de la Facultad de Ciencias Jur\u00eddicas y Sociales, tuvo a bien mostrar el escenario que estamos viviendo, \u201ctratar de explicar las razones de larga duraci\u00f3n; del por qu\u00e9 este sector permanece en su posici\u00f3n original, incapaz de reconocer mejor el contexto y pretender incluso liderarlo, si no que se dedica m\u00e1s bien a resistirlo; eso es lo que prevalece. Yo no s\u00e9 si uno puede proponer soluciones, pero si podemos ver las implicancias que todo esto tiene. Digamos, todos queremos mayor democratizaci\u00f3n en el pa\u00eds y en los pa\u00edses de la regi\u00f3n. Pero eso no est\u00e1 muy claro c\u00f3mo va a seguir\u201d, dijo Alejandro Pelfini.  <\/p>\n<p>Respecto al caso de Argentina, el Dr. Alejandro Pelfini, dijo que \u201cla situaci\u00f3n est\u00e1 dif\u00edcil, pues se agrega un contexto de crisis econ\u00f3mica importante que ya viene del gobierno anterior, que se agudiz\u00f3 con la pandemia y el endeudamiento externo.<br \/>\nHay un crecimiento, como en todo el mundo, de opciones de derecha, de ultra derecha, en el caso de Javier Milei, que, aunque no sea \u00e9l la persona que termine siendo victoriosa, pero corre todo el espectro de discusi\u00f3n hac\u00eda ah\u00ed \u00bfno?; entonces los partidos m\u00e1s tradicionales tambi\u00e9n adoptan un discurso m\u00e1s polarizador, m\u00e1s neoliberal. No es de momento, una opci\u00f3n culturalmente o retr\u00f3grada, conservadora, como puede ser la de Jair Bolsonaro, es m\u00e1s bien un neoliberalismo fan\u00e1tico y libertario y, despu\u00e9s lo que pas\u00f3 con el atentado a la Vicepresidenta, algo que directamente habla de un clima de encrispaci\u00f3n muy peligroso, pues estuvimos a segundos, a un milagro, de un crimen pol\u00edtico, de un magnicidio que no s\u00e9 qu\u00e9 consecuencias hubiera tenido en la calle. As\u00ed que creo que eso se lo tom\u00f3 muy a la ligera y es algo grav\u00edsimo, conmocionante para la convivencia democr\u00e1tica.  <\/p>\n<p>Cabe destacar que Alejandro Pelfini es doctor en Sociolog\u00eda por la Albert-Ludwigs-Universit\u00e4t Freiburg de Alemania.  Licenciado en Sociolog\u00eda por la Universidad del Salvador, Buenos Aires, Argentina, y que sus temas de inter\u00e9s se centran en Aprendizaje colectivo, relaciones sociedad\/medio ambiente y estudios sobre \u00e9lites y globalizaci\u00f3n. En estas materias, destacan sus publicaciones: \u201cThe Role of Elites in Emerging Societies, or How Established Elites Deal with an Emerging Society: The Case of Business Elites in Contemporary Chile\u201d, Transcience. A Journal of Global Studies (2014) Vol. 5, Issue 1, pp. 53-62.; y Kollektive Lernprozesse und Institutionenbildung. Die deutsche Klimapolitik auf dem Weg zur \u00f6kologischen Modernisierung. (Procesos de aprendizaje colectivo y fortalecimiento institucional. La pol\u00edtica frente al cambio clim\u00e1tico global en Alemania hacia la modernizaci\u00f3n ecol\u00f3gica\u201d), Berlin, Wei\u00dfensee, 2005.<\/p>\n","protected":false},"excerpt":{"rendered":"<p>Hasta el auditorio de Postgrado de la Facultad lleg\u00f3 Alejandro Pelfini, doctor en Sociolog\u00eda y acad\u00e9mico de la Universidad del Salvador de Buenos Aires-Argentina, para realizar una conferencia sobre: \u201cLas elites empresariales chilenas ante al cuestionamiento ciudadano\u201d. El acad\u00e9mico trasandino dijo sentirse muy contento por esta invitaci\u00f3n a la Universidad de Talca para exponer sobre [&hellip;]<\/p>\n","protected":false},"author":2,"featured_media":499,"comment_status":"open","ping_status":"open","sticky":false,"template":"","format":"standard","meta":[],"categories":[4],"tags":[],"_links":{"self":[{"href":"https:\/\/www.administracionpublica.utalca.cl\/index.php?rest_route=\/wp\/v2\/posts\/498"}],"collection":[{"href":"https:\/\/www.administracionpublica.utalca.cl\/index.php?rest_route=\/wp\/v2\/posts"}],"about":[{"href":"https:\/\/www.administracionpublica.utalca.cl\/index.php?rest_route=\/wp\/v2\/types\/post"}],"author":[{"embeddable":true,"href":"https:\/\/www.administracionpublica.utalca.cl\/index.php?rest_route=\/wp\/v2\/users\/2"}],"replies":[{"embeddable":true,"href":"https:\/\/www.administracionpublica.utalca.cl\/index.php?rest_route=%2Fwp%2Fv2%2Fcomments&post=498"}],"version-history":[{"count":2,"href":"https:\/\/www.administracionpublica.utalca.cl\/index.php?rest_route=\/wp\/v2\/posts\/498\/revisions"}],"predecessor-version":[{"id":505,"href":"https:\/\/www.administracionpublica.utalca.cl\/index.php?rest_route=\/wp\/v2\/posts\/498\/revisions\/505"}],"wp:featuredmedia":[{"embeddable":true,"href":"https:\/\/www.administracionpublica.utalca.cl\/index.php?rest_route=\/wp\/v2\/media\/499"}],"wp:attachment":[{"href":"https:\/\/www.administracionpublica.utalca.cl\/index.php?rest_route=%2Fwp%2Fv2%2Fmedia&parent=498"}],"wp:term":[{"taxonomy":"category","embeddable":true,"href":"https:\/\/www.administracionpublica.utalca.cl\/index.php?rest_route=%2Fwp%2Fv2%2Fcategories&post=498"},{"taxonomy":"post_tag","embeddable":true,"href":"https:\/\/www.administracionpublica.utalca.cl\/index.php?rest_route=%2Fwp%2Fv2%2Ftags&post=498"}],"curies":[{"name":"wp","href":"https:\/\/api.w.org\/{rel}","templated":true}]}}