{"id":506,"date":"2022-10-14T03:42:20","date_gmt":"2022-10-14T03:42:20","guid":{"rendered":"http:\/\/www.administracionpublica.utalca.cl\/?p=506"},"modified":"2022-10-14T03:49:56","modified_gmt":"2022-10-14T03:49:56","slug":"en-el-auditorio-enrique-mac-iver-se-llevo-a-cabo-la-ceremonia-oficial-de-celebracion-de-los-30-anos-de-vida-de-la-facultad","status":"publish","type":"post","link":"https:\/\/www.administracionpublica.utalca.cl\/?p=506","title":{"rendered":"En el auditorio Enrique Mac Iver se llev\u00f3 a cabo la Ceremonia Oficial de Celebraci\u00f3n de los 30 A\u00f1os de vida de la Facultad"},"content":{"rendered":"<p>En el marco de la segunda sesi\u00f3n de las III Jornadas Interdisciplinarias \u00abLos desaf\u00edos del proceso constituyente para el Derecho, la Administraci\u00f3n P\u00fablica y la Ciencia Pol\u00edtica\u00bb organizadas por la Facultad, se llev\u00f3 a cabo la Ceremonia oficial del Trig\u00e9simo Aniversario de la Facultad.<\/p>\n<p>En la oportunidad, el decano Dr. Rodrigo Palomo V\u00e9lez, destac\u00f3 los logros alcanzados y, tambi\u00e9n a quienes han hecho posible la consolidaci\u00f3n institucional durante estos a\u00f1os. \u201cEstamos celebrando los actos centrales de nuestro trig\u00e9simo aniversario como Facultad. Partimos en el a\u00f1o 1992 con la carrera de Derecho y con la Facultad de Ciencias Jur\u00eddicas que todav\u00eda no ten\u00eda el apellido Sociales y, por lo tanto, es un motivo de mucha alegr\u00eda poder compartir con nuestros exalumnos, con los alumnos actuales, con los acad\u00e9micos y con los funcionarios, esta fiesta que es, efectivamente, cumplir treinta a\u00f1os de vida al servicio de nuestra regi\u00f3n y tambi\u00e9n, al servicio del pa\u00eds\u201d, manifest\u00f3 el Dr. Rodrigo Palomo.<\/p>\n<p>Respecto a estos 30 a\u00f1os de trabajo sostenido, el Decano dijo que \u201ccreo que siempre en estas ocasiones se destacan los grandes eventos; los eventos extraordinarios y los hitos. Pero detr\u00e1s del crecimiento de una Facultad como esta, hay peque\u00f1as cosas que se hacen d\u00eda a d\u00eda; que a veces son silenciosas y que las hacemos todos y que son, precisamente, las que nos han tra\u00eddo al sitial donde hoy estamos. As\u00ed que, m\u00e1s que esos hitos, hoy d\u00eda destacar\u00eda el trabajo que hacemos a diario\u201d, enfatiz\u00f3 el Dr. Rodrigo Palomo.<\/p>\n<p>Y en este tenor, las III Jornadas Interdisciplinarias son un tremendo aporte a la discusi\u00f3n de las materias inherentes al proceso constitucional. \u201cEfectivamente, la Facultad desde que Chile se propuso avanzar hacia un proceso constituyente, ac\u00e1 nos pusimos a disposici\u00f3n de ese proceso para poder contribuir desde las distintas dimensiones que aborda la Facultad. Han sido muchas las actividades en que hemos participado y queremos coronar hoy d\u00eda, precisamente, con estas Jornadas\u201d, manifest\u00f3 el decano Rodrigo Palomo.<\/p>\n<p>En la Ceremonia de celebraci\u00f3n de los 30 a\u00f1os de vida de la Facultad, estuvieron presentes autoridades universitarias, del Gobierno Regional del Maule, acad\u00e9micas y acad\u00e9micos, alumnos de las carreras de Derecho, Ciencia Pol\u00edtica y Administraci\u00f3n P\u00fablica y comunidad universitaria. En este marco, la seremi de Gobierno de la regi\u00f3n del Maule, Daniela Oberreuter Villanueva, quien dijo que \u201cme gustar\u00eda felicitar a la Facultad por estos treinta a\u00f1os y celebrar los discursos y las palabras que dieron todos los acad\u00e9micos, pues dan cuenta del compromiso que tienen con la Regi\u00f3n y con el proceso democr\u00e1tico, en general, que vive esta Facultad que, por lo dem\u00e1s, tiene un punto notable para destacar, que es que se forma a posterior de un proceso de dictadura, no como otras que estuvieron absolutamente intervenidas, y por lo tanto, hay ah\u00ed un componente interesante que es el de analizar y de estudiar la democracia por parte de los profesores. Esto es bien interesante y bien respetable, ya que sin duda es muy pertinente en el momento que estamos viviendo ahora tambi\u00e9n. Es decir, ese conocimiento de inicio de los 90 se traduce y sigue hoy d\u00eda vigente con los profesores que vienen desde esa \u00e9poca y abordan el proceso constituyente. Eso hace a esta Facultad muy interesante\u201d, dijo la Seremi.<\/p>\n<p>En este marco, la idea de las terceras jornadas ha sido generar un aporte al proceso que contin\u00faa vigente en el pa\u00eds, una idea que comparti\u00f3 plenamente la Seremi de Gobierno del Maule quien dijo que \u201cpor lo mismo, quiero felicitar la instancia generada ac\u00e1. A m\u00ed me parece que es muy enriquecedor que tengan Jornadas de este tipo y, adem\u00e1s, que sean interdisciplinarias, pues es una l\u00ednea correcta para avanzar en distintas disciplinas, estando juntos y con un an\u00e1lisis com\u00fan. Al final las pol\u00edticas p\u00fablicas no se hacen s\u00f3lo desde el Derecho; se hacen desde la Administraci\u00f3n P\u00fablica; se hacen desde la Ciencia Pol\u00edtica. Yo soy profesora de Historia, adem\u00e1s, Magister en Gobierno y estoy consciente de que esa es la din\u00e1mica que se tiene que dar cuando se hace pol\u00edtica p\u00fablica, de modo de hacerlo lo m\u00e1s completo posible tambi\u00e9n\u201d, dijo Daniela Oberreuter, seremi de Gobierno del Maule.<\/p>\n<p><strong>Reconocimientos a acad\u00e9micos y funcionarios<\/strong><\/p>\n<p>Durante la ceremonia de los 30 a\u00f1os fueron se realizaron reconocimientos a la trayectoria acad\u00e9mica y funcionaria. Entre los destacados estuvieron el Dr. Carlos Villagrasa Alcaide, de la Universidad de Barcelona, Espa\u00f1a, quien recibi\u00f3 el Premio a la Excelencia Acad\u00e9mica 2022, el cual fue presentado por el profesor Alexis Mondaca Miranda. En tanto, el Dr. Carlos Villagrasa agradeci\u00f3 v\u00eda telem\u00e1tica por este reconocimiento y despleg\u00f3 sentidas palabras para la Facultad y sus integrantes.<\/p>\n<p>Del mismo modo, la distinci\u00f3n \u201cUniversidad de Talca\u201d la recibi\u00f3 de manos del decano Dr. Rodrigo Palomo V\u00e9lez e Isabel Hern\u00e1ndez, Secretaria General de la Universidad, el abogado Erik Espinoza Cerda, primer licenciado de la Facultad en el a\u00f1o 1998, que posee una larga trayectoria profesional y es actual Juez del Juzgado de Garant\u00eda de Vi\u00f1a del Mar. Erik Espinoza se manifest\u00f3 muy contento por este reconocimiento y por ser parte del alma mater de esta Facultad, cuyas particulares caracter\u00edsticas la hacen ser una de las m\u00e1s importantes del pa\u00eds.<\/p>\n<p><img loading=\"lazy\" class=\"alignnone  wp-image-511\" src=\"https:\/\/www.administracionpublica.utalca.cl\/wp-content\/uploads\/2022\/10\/IMG_20221013_120158253-300x129.jpg\" alt=\"\" width=\"788\" height=\"339\" srcset=\"https:\/\/www.administracionpublica.utalca.cl\/wp-content\/uploads\/2022\/10\/IMG_20221013_120158253-300x129.jpg 300w, https:\/\/www.administracionpublica.utalca.cl\/wp-content\/uploads\/2022\/10\/IMG_20221013_120158253-1024x439.jpg 1024w, https:\/\/www.administracionpublica.utalca.cl\/wp-content\/uploads\/2022\/10\/IMG_20221013_120158253-768x329.jpg 768w, https:\/\/www.administracionpublica.utalca.cl\/wp-content\/uploads\/2022\/10\/IMG_20221013_120158253-1536x658.jpg 1536w, https:\/\/www.administracionpublica.utalca.cl\/wp-content\/uploads\/2022\/10\/IMG_20221013_120158253-2048x878.jpg 2048w\" sizes=\"(max-width: 788px) 100vw, 788px\" \/><\/p>\n<p>Acto seguido, se entreg\u00f3 un reconocimiento a fundadores de la Facultad, tanto en el \u00e1mbito acad\u00e9mico como administrativo y en este punto, hicieron las presentaciones respectivas el profesor Iv\u00e1n Obando Camino y el director administrativo de la Facultad, Jorge Rojas Opazo. El reconocimiento al acad\u00e9mico que ha pertenecido durante m\u00e1s a\u00f1os a la Facultad recay\u00f3 en el Dr. Christian Su\u00e1rez Crothers, integrante del Departamento de Derecho P\u00fablico y que ingres\u00f3 a la Facultad en 1992 con ocasi\u00f3n de la apertura de la carrera de Derecho en Talca, formando parte de la primera generaci\u00f3n de profesores que contribuy\u00f3 paulatinamente a cristalizar este proyecto universitario hoy consolidado.<\/p>\n<p><img loading=\"lazy\" class=\"alignnone  wp-image-512\" src=\"https:\/\/www.administracionpublica.utalca.cl\/wp-content\/uploads\/2022\/10\/IMG_20221013_121553759-300x129.jpg\" alt=\"\" width=\"788\" height=\"339\" srcset=\"https:\/\/www.administracionpublica.utalca.cl\/wp-content\/uploads\/2022\/10\/IMG_20221013_121553759-300x129.jpg 300w, https:\/\/www.administracionpublica.utalca.cl\/wp-content\/uploads\/2022\/10\/IMG_20221013_121553759-1024x439.jpg 1024w, https:\/\/www.administracionpublica.utalca.cl\/wp-content\/uploads\/2022\/10\/IMG_20221013_121553759-768x329.jpg 768w, https:\/\/www.administracionpublica.utalca.cl\/wp-content\/uploads\/2022\/10\/IMG_20221013_121553759-1536x658.jpg 1536w, https:\/\/www.administracionpublica.utalca.cl\/wp-content\/uploads\/2022\/10\/IMG_20221013_121553759-2048x878.jpg 2048w\" sizes=\"(max-width: 788px) 100vw, 788px\" \/><\/p>\n<p>Uno de los momentos m\u00e1s emotivos de esta ceremonia se produjo durante la entrega del reconocimiento a Gerardo Herrera Espinoza, funcionario muy querido y respetado por toda la comunidad universitaria de la Facultad, por su entrega de servicio, su notable humanidad y carisma, que le han valido el cari\u00f1o de quienes forman parte en el presente o han sido parte en el pasado, de esta Facultad donde \u00e9l ha permanecido desde sus inicios.<\/p>\n<p><img loading=\"lazy\" class=\"alignnone  wp-image-513\" src=\"https:\/\/www.administracionpublica.utalca.cl\/wp-content\/uploads\/2022\/10\/IMG_20221013_122322529-300x129.jpg\" alt=\"\" width=\"790\" height=\"340\" srcset=\"https:\/\/www.administracionpublica.utalca.cl\/wp-content\/uploads\/2022\/10\/IMG_20221013_122322529-300x129.jpg 300w, https:\/\/www.administracionpublica.utalca.cl\/wp-content\/uploads\/2022\/10\/IMG_20221013_122322529-1024x439.jpg 1024w, https:\/\/www.administracionpublica.utalca.cl\/wp-content\/uploads\/2022\/10\/IMG_20221013_122322529-2048x878.jpg 2048w\" sizes=\"(max-width: 790px) 100vw, 790px\" \/><\/p>\n<p>Posteriormente y tras finalizar la ceremonia de celebraci\u00f3n de los 30 a\u00f1os de la Facultad, se dio paso a la Conferencia inaugural de la segunda sesi\u00f3n de las III Jornadas Interdisciplinarias, abriendo el primer panel el Dr. Roberto Viciano Pastor, de la Universidad de Valencia, Espa\u00f1a, quien abord\u00f3 el tema \u201cLos procesos constituyentes en perspectiva comparada\u201d.<\/p>\n<p>Cabe destacar que esta actividad cont\u00f3 con tres paneles de expositores que abordaron durante la tarde del jueves 13 de octubre, interesantes t\u00f3picos en torno a \u201cLos desaf\u00edos del proceso constituyente para el Derecho, la Administraci\u00f3n P\u00fablica y la Ciencia Pol\u00edtica\u00bb, tema central que convoc\u00f3 la realizaci\u00f3n de las III Jornadas Interdisciplinarias de la Facultad, como un aporte al proceso constituyente que vive nuestro pa\u00eds.<\/p>\n<p><img loading=\"lazy\" class=\"alignnone  wp-image-514\" src=\"https:\/\/www.administracionpublica.utalca.cl\/wp-content\/uploads\/2022\/10\/IMG_20221013_160244637-300x129.jpg\" alt=\"\" width=\"795\" height=\"342\" srcset=\"https:\/\/www.administracionpublica.utalca.cl\/wp-content\/uploads\/2022\/10\/IMG_20221013_160244637-300x129.jpg 300w, https:\/\/www.administracionpublica.utalca.cl\/wp-content\/uploads\/2022\/10\/IMG_20221013_160244637-1024x439.jpg 1024w, https:\/\/www.administracionpublica.utalca.cl\/wp-content\/uploads\/2022\/10\/IMG_20221013_160244637-768x329.jpg 768w, https:\/\/www.administracionpublica.utalca.cl\/wp-content\/uploads\/2022\/10\/IMG_20221013_160244637-1536x658.jpg 1536w, https:\/\/www.administracionpublica.utalca.cl\/wp-content\/uploads\/2022\/10\/IMG_20221013_160244637-2048x878.jpg 2048w\" sizes=\"(max-width: 795px) 100vw, 795px\" \/><\/p>\n<p>De este modo y en un grato ambiente acad\u00e9mico, la comunidad universitaria de la Facultad de Ciencias Jur\u00eddicas y Sociales celebr\u00f3 sus 30 a\u00f1os de existencia, reafirmando el compromiso con la excelencia acad\u00e9mica para continuar en la senda que la destaca como una de las principales instituciones para el desarrollo del Derecho, las Ciencias Pol\u00edticas y la Administraci\u00f3n P\u00fablica en el pa\u00eds.<\/p>\n<p>&nbsp;<\/p>\n<p><img loading=\"lazy\" class=\"alignnone  wp-image-515\" src=\"https:\/\/www.administracionpublica.utalca.cl\/wp-content\/uploads\/2022\/10\/IMG_20221013_191525872-300x129.jpg\" alt=\"\" width=\"793\" height=\"341\" srcset=\"https:\/\/www.administracionpublica.utalca.cl\/wp-content\/uploads\/2022\/10\/IMG_20221013_191525872-300x129.jpg 300w, https:\/\/www.administracionpublica.utalca.cl\/wp-content\/uploads\/2022\/10\/IMG_20221013_191525872-1024x439.jpg 1024w, https:\/\/www.administracionpublica.utalca.cl\/wp-content\/uploads\/2022\/10\/IMG_20221013_191525872-768x329.jpg 768w, https:\/\/www.administracionpublica.utalca.cl\/wp-content\/uploads\/2022\/10\/IMG_20221013_191525872-1536x658.jpg 1536w, https:\/\/www.administracionpublica.utalca.cl\/wp-content\/uploads\/2022\/10\/IMG_20221013_191525872-2048x878.jpg 2048w\" sizes=\"(max-width: 793px) 100vw, 793px\" \/><\/p>\n","protected":false},"excerpt":{"rendered":"<p>En el marco de la segunda sesi\u00f3n de las III Jornadas Interdisciplinarias \u00abLos desaf\u00edos del proceso constituyente para el Derecho, la Administraci\u00f3n P\u00fablica y la Ciencia Pol\u00edtica\u00bb organizadas por la Facultad, se llev\u00f3 a cabo la Ceremonia oficial del Trig\u00e9simo Aniversario de la Facultad. En la oportunidad, el decano Dr. Rodrigo Palomo V\u00e9lez, destac\u00f3 los [&hellip;]<\/p>\n","protected":false},"author":2,"featured_media":507,"comment_status":"open","ping_status":"open","sticky":false,"template":"","format":"standard","meta":[],"categories":[4],"tags":[],"_links":{"self":[{"href":"https:\/\/www.administracionpublica.utalca.cl\/index.php?rest_route=\/wp\/v2\/posts\/506"}],"collection":[{"href":"https:\/\/www.administracionpublica.utalca.cl\/index.php?rest_route=\/wp\/v2\/posts"}],"about":[{"href":"https:\/\/www.administracionpublica.utalca.cl\/index.php?rest_route=\/wp\/v2\/types\/post"}],"author":[{"embeddable":true,"href":"https:\/\/www.administracionpublica.utalca.cl\/index.php?rest_route=\/wp\/v2\/users\/2"}],"replies":[{"embeddable":true,"href":"https:\/\/www.administracionpublica.utalca.cl\/index.php?rest_route=%2Fwp%2Fv2%2Fcomments&post=506"}],"version-history":[{"count":4,"href":"https:\/\/www.administracionpublica.utalca.cl\/index.php?rest_route=\/wp\/v2\/posts\/506\/revisions"}],"predecessor-version":[{"id":516,"href":"https:\/\/www.administracionpublica.utalca.cl\/index.php?rest_route=\/wp\/v2\/posts\/506\/revisions\/516"}],"wp:featuredmedia":[{"embeddable":true,"href":"https:\/\/www.administracionpublica.utalca.cl\/index.php?rest_route=\/wp\/v2\/media\/507"}],"wp:attachment":[{"href":"https:\/\/www.administracionpublica.utalca.cl\/index.php?rest_route=%2Fwp%2Fv2%2Fmedia&parent=506"}],"wp:term":[{"taxonomy":"category","embeddable":true,"href":"https:\/\/www.administracionpublica.utalca.cl\/index.php?rest_route=%2Fwp%2Fv2%2Fcategories&post=506"},{"taxonomy":"post_tag","embeddable":true,"href":"https:\/\/www.administracionpublica.utalca.cl\/index.php?rest_route=%2Fwp%2Fv2%2Ftags&post=506"}],"curies":[{"name":"wp","href":"https:\/\/api.w.org\/{rel}","templated":true}]}}