{"id":520,"date":"2022-10-19T20:32:19","date_gmt":"2022-10-19T20:32:19","guid":{"rendered":"http:\/\/www.administracionpublica.utalca.cl\/?p=520"},"modified":"2022-10-19T20:32:19","modified_gmt":"2022-10-19T20:32:19","slug":"escuela-de-musica-realizo-concierto-vocal-en-escuela-de-ciencia-politica-y-administracion-publica","status":"publish","type":"post","link":"https:\/\/www.administracionpublica.utalca.cl\/?p=520","title":{"rendered":"Escuela de M\u00fasica realiz\u00f3 Concierto Vocal en Escuela de Ciencia Pol\u00edtica y Administraci\u00f3n P\u00fablica"},"content":{"rendered":"<p>En el marco de las VI Jornadas Musicales de la Escuela de M\u00fasica, acciones apoyadas por la Facultad de Ciencias Jur\u00eddicas y Sociales, se desarroll\u00f3 el Concierto Quinteto Vocal Vocis Terra en dependencias de la Escuela de Ciencia Pol\u00edtica y Administraci\u00f3n P\u00fablica.<\/p>\n<p>En el lugar y frente a un amplio marco de p\u00fablico asistente, los sopranos, Mar\u00eda Paz Leal y Krishna Reyes, junto a Paula Elgueta, mezzosoprano, el tenor Jos\u00e9 Loyola y el bajo, Pablo Rodr\u00edguez, realizaron una excelente presentaci\u00f3n vocal que contenpl\u00f3 obras de Claudio Monteverdi, Giovanni Pierluigi da Palestrina y Jacques Arcadelt.<\/p>\n<p>En el evento abierto a la comunidad universitaria, estuvieron presentes acad\u00e9micos, docentes y alumnos. Entre ellos, el decano de la Facultad de Ciencias Jur\u00eddicas y Sociales, Dr. Rodrigo Palomo V\u00e9lez, quien subray\u00f3 la importancia de la presentaci\u00f3n se\u00f1alando que \u201cesto corresponde a una alianza que tenemos con la Facultad de Arquitectura, M\u00fasica y Dise\u00f1o; particularmente con la Escuela de M\u00fasica, que ha querido celebrar tambi\u00e9n con nosotros nuestros 30 a\u00f1os de vida institucional, ofreciendo dos conciertos en instalaciones de la Facultad; siendo el primero de ellos el Ta\u00f1er de Gala  y, ahora, este quinteto vocal que se presenta en las dependencias de la Escuela de Ciencia Pol\u00edtica y Administraci\u00f3n P\u00fablica del Campus Talca. As\u00ed que estamos muy agradecidos de que compartan con nosotros la alegr\u00eda de los 30 a\u00f1os y tambi\u00e9n, por darnos la posibilidad de participar en estas VI Jornadas Musicales\u201d, dijo Rodrigo Palomo.<\/p>\n<p>Cabe destacar que las VI Jornadas Musicales de la Escuela de M\u00fasica de la Universidad de Talca, patrocinadas por la Direcci\u00f3n de Extensi\u00f3n Cultural-Art\u00edstica de nuestra casa de estudios, han contemplado una serie de presentaciones que comenzaron el d\u00eda lunes 17 de octubre, en el aula magna, lugar donde se llev\u00f3 a cabo el Cuadrag\u00e9simo Primer Concierto Aniversario de la Universidad, y que culminar\u00e1n el viernes 21 de octubre, en el Aula Magna, con un Concierto titulado Talca, Par\u00eds, Londres&#8230;(Y Leipzig) <\/p>\n","protected":false},"excerpt":{"rendered":"<p>En el marco de las VI Jornadas Musicales de la Escuela de M\u00fasica, acciones apoyadas por la Facultad de Ciencias Jur\u00eddicas y Sociales, se desarroll\u00f3 el Concierto Quinteto Vocal Vocis Terra en dependencias de la Escuela de Ciencia Pol\u00edtica y Administraci\u00f3n P\u00fablica. En el lugar y frente a un amplio marco de p\u00fablico asistente, los [&hellip;]<\/p>\n","protected":false},"author":2,"featured_media":521,"comment_status":"open","ping_status":"open","sticky":false,"template":"","format":"standard","meta":[],"categories":[4],"tags":[],"_links":{"self":[{"href":"https:\/\/www.administracionpublica.utalca.cl\/index.php?rest_route=\/wp\/v2\/posts\/520"}],"collection":[{"href":"https:\/\/www.administracionpublica.utalca.cl\/index.php?rest_route=\/wp\/v2\/posts"}],"about":[{"href":"https:\/\/www.administracionpublica.utalca.cl\/index.php?rest_route=\/wp\/v2\/types\/post"}],"author":[{"embeddable":true,"href":"https:\/\/www.administracionpublica.utalca.cl\/index.php?rest_route=\/wp\/v2\/users\/2"}],"replies":[{"embeddable":true,"href":"https:\/\/www.administracionpublica.utalca.cl\/index.php?rest_route=%2Fwp%2Fv2%2Fcomments&post=520"}],"version-history":[{"count":2,"href":"https:\/\/www.administracionpublica.utalca.cl\/index.php?rest_route=\/wp\/v2\/posts\/520\/revisions"}],"predecessor-version":[{"id":523,"href":"https:\/\/www.administracionpublica.utalca.cl\/index.php?rest_route=\/wp\/v2\/posts\/520\/revisions\/523"}],"wp:featuredmedia":[{"embeddable":true,"href":"https:\/\/www.administracionpublica.utalca.cl\/index.php?rest_route=\/wp\/v2\/media\/521"}],"wp:attachment":[{"href":"https:\/\/www.administracionpublica.utalca.cl\/index.php?rest_route=%2Fwp%2Fv2%2Fmedia&parent=520"}],"wp:term":[{"taxonomy":"category","embeddable":true,"href":"https:\/\/www.administracionpublica.utalca.cl\/index.php?rest_route=%2Fwp%2Fv2%2Fcategories&post=520"},{"taxonomy":"post_tag","embeddable":true,"href":"https:\/\/www.administracionpublica.utalca.cl\/index.php?rest_route=%2Fwp%2Fv2%2Ftags&post=520"}],"curies":[{"name":"wp","href":"https:\/\/api.w.org\/{rel}","templated":true}]}}