{"id":532,"date":"2022-11-04T12:54:10","date_gmt":"2022-11-04T12:54:10","guid":{"rendered":"http:\/\/www.administracionpublica.utalca.cl\/?p=532"},"modified":"2022-11-04T12:54:10","modified_gmt":"2022-11-04T12:54:10","slug":"alumnos-de-ciencia-politica-y-administracion-publica-visitaron-el-minvu-region-del-maule","status":"publish","type":"post","link":"https:\/\/www.administracionpublica.utalca.cl\/?p=532","title":{"rendered":"Alumnos de Ciencia Pol\u00edtica y Administraci\u00f3n P\u00fablica visitaron el MINVU regi\u00f3n del Maule"},"content":{"rendered":"<p>Alumnos de la carrera de Ciencia Pol\u00edtica y Administraci\u00f3n P\u00fablica de la Facultad de Ciencias Jur\u00eddicas y Sociales Universidad de Talca , junto al profesor Tom\u00e1s Chadwick, visitaron el Ministerio de Vivienda y Urbanismo en la regi\u00f3n del Maule.<\/p>\n<p>En la oportunidad, los alumnos fueron recibidos por la secretaria t\u00e9cnica regional del programa Quiero mi Barrio, Yillian Mu\u00f1oz, quien junto a su equipo, expuso sobre los principales t\u00f3picos del programa para que los alumnos conocieran de primera fuente c\u00f3mo funciona y se aplica este programa del MINVU.<\/p>\n<p>Tal como explico el profesor Tom\u00e1s Chadwick, \u00abla instancia sirvi\u00f3 para conocer c\u00f3mo se realiza la gesti\u00f3n p\u00fablica intersectorial\u00bb. <\/p>\n<p>En la oportunidad, los alumnos pudieron interactuar con el seremi de Vivienda y Urbanismo, Rodrigo Hern\u00e1ndez y, del mismo modo, con la jefa de planes y programas Mar\u00eda Jos\u00e9 D\u00edaz, profesionales que respondieron a las consultas y dudas de los alumnos.<\/p>\n","protected":false},"excerpt":{"rendered":"<p>Alumnos de la carrera de Ciencia Pol\u00edtica y Administraci\u00f3n P\u00fablica de la Facultad de Ciencias Jur\u00eddicas y Sociales Universidad de Talca , junto al profesor Tom\u00e1s Chadwick, visitaron el Ministerio de Vivienda y Urbanismo en la regi\u00f3n del Maule. En la oportunidad, los alumnos fueron recibidos por la secretaria t\u00e9cnica regional del programa Quiero mi [&hellip;]<\/p>\n","protected":false},"author":2,"featured_media":533,"comment_status":"open","ping_status":"open","sticky":false,"template":"","format":"standard","meta":[],"categories":[4],"tags":[],"_links":{"self":[{"href":"https:\/\/www.administracionpublica.utalca.cl\/index.php?rest_route=\/wp\/v2\/posts\/532"}],"collection":[{"href":"https:\/\/www.administracionpublica.utalca.cl\/index.php?rest_route=\/wp\/v2\/posts"}],"about":[{"href":"https:\/\/www.administracionpublica.utalca.cl\/index.php?rest_route=\/wp\/v2\/types\/post"}],"author":[{"embeddable":true,"href":"https:\/\/www.administracionpublica.utalca.cl\/index.php?rest_route=\/wp\/v2\/users\/2"}],"replies":[{"embeddable":true,"href":"https:\/\/www.administracionpublica.utalca.cl\/index.php?rest_route=%2Fwp%2Fv2%2Fcomments&post=532"}],"version-history":[{"count":2,"href":"https:\/\/www.administracionpublica.utalca.cl\/index.php?rest_route=\/wp\/v2\/posts\/532\/revisions"}],"predecessor-version":[{"id":535,"href":"https:\/\/www.administracionpublica.utalca.cl\/index.php?rest_route=\/wp\/v2\/posts\/532\/revisions\/535"}],"wp:featuredmedia":[{"embeddable":true,"href":"https:\/\/www.administracionpublica.utalca.cl\/index.php?rest_route=\/wp\/v2\/media\/533"}],"wp:attachment":[{"href":"https:\/\/www.administracionpublica.utalca.cl\/index.php?rest_route=%2Fwp%2Fv2%2Fmedia&parent=532"}],"wp:term":[{"taxonomy":"category","embeddable":true,"href":"https:\/\/www.administracionpublica.utalca.cl\/index.php?rest_route=%2Fwp%2Fv2%2Fcategories&post=532"},{"taxonomy":"post_tag","embeddable":true,"href":"https:\/\/www.administracionpublica.utalca.cl\/index.php?rest_route=%2Fwp%2Fv2%2Ftags&post=532"}],"curies":[{"name":"wp","href":"https:\/\/api.w.org\/{rel}","templated":true}]}}