{"id":547,"date":"2022-11-25T18:46:50","date_gmt":"2022-11-25T18:46:50","guid":{"rendered":"http:\/\/www.administracionpublica.utalca.cl\/?p=547"},"modified":"2023-01-04T19:42:48","modified_gmt":"2023-01-04T19:42:48","slug":"seminario-denominado-trabajadores-publicos-y-la-politica-de-descentralizacion-en-chile-se-llevo-a-cabo-en-talca","status":"publish","type":"post","link":"https:\/\/www.administracionpublica.utalca.cl\/?p=547","title":{"rendered":"Seminario denominado Trabajadores P\u00fablicos y la Pol\u00edtica de Descentralizaci\u00f3n en Chile se llev\u00f3 a cabo en Talca"},"content":{"rendered":"<p>Se trata de un seminario que naci\u00f3 tras una reuni\u00f3n sostenida con el Presidente de la Agrupaci\u00f3n Nacional de Funcionarios Fiscales y la Presidenta de la Asociaci\u00f3n de los Funcionarios de la Subsecretar\u00eda de Desarrollo Regional, a ra\u00edz del surgimiento de un programa para transferir a los funcionarios del aparato p\u00fablico algunos conceptos sobre qu\u00e9 es la pol\u00edtica de descentralizaci\u00f3n. \u201cEntonces, en ese contexto, quisimos reunir a los funcionarios, a los dirigentes de las asociaciones de funcionarios, para que ellos en un entorno acad\u00e9mico, pudieran discutir respecto del c\u00f3mo est\u00e1n viendo el proceso de descentralizaci\u00f3n y de c\u00f3mo entienden ellos que les afecta ese proceso\u201d, dijo el profesor de la Escuela de Ciencia Pol\u00edtica y Administraci\u00f3n P\u00fablica del Campus Talca, Dr. Osvaldo Henr\u00edquez Opazo.<\/p>\n<p>Se trat\u00f3 de un Seminario dirigido a los funcionarios de la Administraci\u00f3n P\u00fablica que son interlocutores v\u00e1lidos \u201cy que es muy probable que lleguen a ser, muchos de ellos, compa\u00f1eros de trabajo de nuestros estudiantes en el futuro. Dentro de la Escuela estamos desarrollando temas en torno a las pol\u00edticas de descentralizaci\u00f3n y del c\u00f3mo estas est\u00e1n afectando a los gobiernos regionales. Entonces hoy d\u00eda vamos a abordar esos temas para analizarlos y dar respuesta a algunas de las problem\u00e1ticas que se puedan presentar en este campo\u201d, dijo Osvaldo Henr\u00edquez.<\/p>\n<p>La actividad cont\u00f3 con la presencia de connotados expositores, entre los que se cuentan a N\u00e1yade Aguirre Mancilla, presidenta de la Federaci\u00f3n Nacional de Asociaciones de Funcionarios de los Gobiernos Regionales del pa\u00eds, quien dijo que \u201cpara nosotros es un gran espacio el que nos brinda la Universidad de Talca, sobre todo para abordar estos temas desde la academia. Nosotros en regiones siempre estamos abogando por el desarrollo y tambi\u00e9n, para cuando hay que implementar alguna ley se lo haga de la mejor forma, de manera amplia y transversal y lo m\u00e1s participativamente posible. Por eso, para nosotros es un agrado estar en esta ocasi\u00f3n ac\u00e1 en la universidad\u201d, sostuvo N\u00e1yade Aguirre.<\/p>\n<p>Durante su alocuci\u00f3n, la Presidenta de la Federaci\u00f3n Nacional de Asociaciones de Funcionarios de los Gobiernos Regionales, abord\u00f3 -desde la perspectiva del sector que ella representa- el c\u00f3mo se est\u00e1n aplicando los temas de descentralizaci\u00f3n, argumentando que hay situaciones en las que no han considerado a su sector. \u201cEn el inicio de la entrada en vigencia de la nueva norma, los trabajadores no fuimos considerados. Pero algunos realizamos gestiones en el tema de la descentralizaci\u00f3n porque tenemos la experiencia e implementamos ciertos asuntos. Pero, en general, desde el mundo centralista y desde quienes dictan o discuten estas nuevas normativas, no siempre han valorado la experiencia y el trabajo de los trabajadores\u201d, enfatiz\u00f3 N\u00e1yade Aguirre.<\/p>\n<p>Otro de los invitados fue Esteban Tumba, presidente de la Federaci\u00f3n Nacional de Asociaciones de Funcionarios del Ministerio del Interior quien dijo sentirse muy contento de estar en la Universidad de Talca. \u201cMe parece muy bueno estar ac\u00e1 porque nosotros tambi\u00e9n tenemos que alimentarnos un poco de la parte m\u00e1s acad\u00e9mica y a la vez tambi\u00e9n creo que le sirve mucho a la universidad tener ese intercambio de la cosa m\u00e1s experiencial\u201d, manifest\u00f3 Esteban Tumba, quien durante su ponencia se refiri\u00f3 a t\u00f3picos sobre empleo p\u00fablico y materias referentes a c\u00f3mo en el Ministerio del Interior y los servicios y subsecretarias ha impactado el proceso descentralizador como se entiende hoy en Chile.<\/p>\n","protected":false},"excerpt":{"rendered":"<p>Se trata de un seminario que naci\u00f3 tras una reuni\u00f3n sostenida con el Presidente de la Agrupaci\u00f3n Nacional de Funcionarios Fiscales y la Presidenta de la Asociaci\u00f3n de los Funcionarios de la Subsecretar\u00eda de Desarrollo Regional, a ra\u00edz del surgimiento de un programa para transferir a los funcionarios del aparato p\u00fablico algunos conceptos sobre qu\u00e9 [&hellip;]<\/p>\n","protected":false},"author":2,"featured_media":586,"comment_status":"open","ping_status":"open","sticky":false,"template":"","format":"standard","meta":[],"categories":[4],"tags":[],"_links":{"self":[{"href":"https:\/\/www.administracionpublica.utalca.cl\/index.php?rest_route=\/wp\/v2\/posts\/547"}],"collection":[{"href":"https:\/\/www.administracionpublica.utalca.cl\/index.php?rest_route=\/wp\/v2\/posts"}],"about":[{"href":"https:\/\/www.administracionpublica.utalca.cl\/index.php?rest_route=\/wp\/v2\/types\/post"}],"author":[{"embeddable":true,"href":"https:\/\/www.administracionpublica.utalca.cl\/index.php?rest_route=\/wp\/v2\/users\/2"}],"replies":[{"embeddable":true,"href":"https:\/\/www.administracionpublica.utalca.cl\/index.php?rest_route=%2Fwp%2Fv2%2Fcomments&post=547"}],"version-history":[{"count":1,"href":"https:\/\/www.administracionpublica.utalca.cl\/index.php?rest_route=\/wp\/v2\/posts\/547\/revisions"}],"predecessor-version":[{"id":549,"href":"https:\/\/www.administracionpublica.utalca.cl\/index.php?rest_route=\/wp\/v2\/posts\/547\/revisions\/549"}],"wp:featuredmedia":[{"embeddable":true,"href":"https:\/\/www.administracionpublica.utalca.cl\/index.php?rest_route=\/wp\/v2\/media\/586"}],"wp:attachment":[{"href":"https:\/\/www.administracionpublica.utalca.cl\/index.php?rest_route=%2Fwp%2Fv2%2Fmedia&parent=547"}],"wp:term":[{"taxonomy":"category","embeddable":true,"href":"https:\/\/www.administracionpublica.utalca.cl\/index.php?rest_route=%2Fwp%2Fv2%2Fcategories&post=547"},{"taxonomy":"post_tag","embeddable":true,"href":"https:\/\/www.administracionpublica.utalca.cl\/index.php?rest_route=%2Fwp%2Fv2%2Ftags&post=547"}],"curies":[{"name":"wp","href":"https:\/\/api.w.org\/{rel}","templated":true}]}}