{"id":693,"date":"2023-01-23T19:24:22","date_gmt":"2023-01-23T19:24:22","guid":{"rendered":"http:\/\/www.administracionpublica.utalca.cl\/?p=693"},"modified":"2023-01-23T19:33:38","modified_gmt":"2023-01-23T19:33:38","slug":"jornada-analizo-los-desafios-que-enfrenta-la-gestion-publica","status":"publish","type":"post","link":"https:\/\/www.administracionpublica.utalca.cl\/?p=693","title":{"rendered":"Jornada analiz\u00f3 los desaf\u00edos que enfrenta la gesti\u00f3n p\u00fablica."},"content":{"rendered":"<p>Los d\u00edas 19 y 20 de enero tuvo lugar en la ciudad de Valpara\u00edso una jornada de reflexi\u00f3n estrat\u00e9gica de las Escuelas de Administraci\u00f3n P\u00fablica de las Universidades Regionales del pa\u00eds. Correspondi\u00f3 a la Universidad de Valpara\u00edso ejercer como anfitriona y coordinadora de este evento, para lo cual cont\u00f3 con el apoyo de la Agrupaci\u00f3n de Universidades Regionales de Chile. Entre los temas tratados, hubo particular inter\u00e9s en actualizar los perfiles de egreso y planes de formaci\u00f3n conforme a los desaf\u00edos que enfrenta la gesti\u00f3n p\u00fablica en el mundo actual. Enseguida, hubo coincidencias en relevar con suficiente fuerza en los planes de formaci\u00f3n, as\u00ed como a trav\u00e9s del desarrollo de l\u00edneas de investigaci\u00f3n, los desaf\u00edos de descentralizaci\u00f3n y regionalizaci\u00f3n pol\u00edtico administrativa del pa\u00eds. Por \u00faltimo, ocup\u00f3 tambi\u00e9n el inter\u00e9s de los participantes el intercambio de experiencias en materia de metodolog\u00edas y t\u00e9cnicas pedag\u00f3gicas habilitantes de las competencias necesarias al logro del perfil de egreso declarado por las Escuelas de Administraci\u00f3n P\u00fablica. En representaci\u00f3n de la Escuela de Ciencia Pol\u00edtica y Administraci\u00f3n P\u00fablica de la Universidad de Talca particip\u00f3 el Profesor Gustavo Rayo Urrutia. Asistieron adem\u00e1s las siguientes universidades regionales: Universidad de Valpara\u00edso (anfitriona), U. Cat\u00f3lica del Maule, Universidad Cat\u00f3lica de Temuco, Universidad Austral (sedes Valdivia y Puerto Montt).<\/p>\n<p><img loading=\"lazy\" class=\"wp-image-704 size-full aligncenter\" src=\"https:\/\/www.administracionpublica.utalca.cl\/wp-content\/uploads\/2023\/01\/AUR_2.jpg\" alt=\"\" width=\"730\" height=\"412\" srcset=\"https:\/\/www.administracionpublica.utalca.cl\/wp-content\/uploads\/2023\/01\/AUR_2.jpg 730w, https:\/\/www.administracionpublica.utalca.cl\/wp-content\/uploads\/2023\/01\/AUR_2-300x169.jpg 300w\" sizes=\"(max-width: 730px) 100vw, 730px\" \/><\/p>\n","protected":false},"excerpt":{"rendered":"<p>Los d\u00edas 19 y 20 de enero tuvo lugar en la ciudad de Valpara\u00edso una jornada de reflexi\u00f3n estrat\u00e9gica de las Escuelas de Administraci\u00f3n P\u00fablica de las Universidades Regionales del pa\u00eds. Correspondi\u00f3 a la Universidad de Valpara\u00edso ejercer como anfitriona y coordinadora de este evento, para lo cual cont\u00f3 con el apoyo de la Agrupaci\u00f3n [&hellip;]<\/p>\n","protected":false},"author":2,"featured_media":695,"comment_status":"open","ping_status":"open","sticky":false,"template":"","format":"standard","meta":[],"categories":[1],"tags":[],"_links":{"self":[{"href":"https:\/\/www.administracionpublica.utalca.cl\/index.php?rest_route=\/wp\/v2\/posts\/693"}],"collection":[{"href":"https:\/\/www.administracionpublica.utalca.cl\/index.php?rest_route=\/wp\/v2\/posts"}],"about":[{"href":"https:\/\/www.administracionpublica.utalca.cl\/index.php?rest_route=\/wp\/v2\/types\/post"}],"author":[{"embeddable":true,"href":"https:\/\/www.administracionpublica.utalca.cl\/index.php?rest_route=\/wp\/v2\/users\/2"}],"replies":[{"embeddable":true,"href":"https:\/\/www.administracionpublica.utalca.cl\/index.php?rest_route=%2Fwp%2Fv2%2Fcomments&post=693"}],"version-history":[{"count":10,"href":"https:\/\/www.administracionpublica.utalca.cl\/index.php?rest_route=\/wp\/v2\/posts\/693\/revisions"}],"predecessor-version":[{"id":707,"href":"https:\/\/www.administracionpublica.utalca.cl\/index.php?rest_route=\/wp\/v2\/posts\/693\/revisions\/707"}],"wp:featuredmedia":[{"embeddable":true,"href":"https:\/\/www.administracionpublica.utalca.cl\/index.php?rest_route=\/wp\/v2\/media\/695"}],"wp:attachment":[{"href":"https:\/\/www.administracionpublica.utalca.cl\/index.php?rest_route=%2Fwp%2Fv2%2Fmedia&parent=693"}],"wp:term":[{"taxonomy":"category","embeddable":true,"href":"https:\/\/www.administracionpublica.utalca.cl\/index.php?rest_route=%2Fwp%2Fv2%2Fcategories&post=693"},{"taxonomy":"post_tag","embeddable":true,"href":"https:\/\/www.administracionpublica.utalca.cl\/index.php?rest_route=%2Fwp%2Fv2%2Ftags&post=693"}],"curies":[{"name":"wp","href":"https:\/\/api.w.org\/{rel}","templated":true}]}}