{"id":712,"date":"2023-03-02T19:52:29","date_gmt":"2023-03-02T19:52:29","guid":{"rendered":"http:\/\/www.administracionpublica.utalca.cl\/?p=712"},"modified":"2023-03-02T19:52:29","modified_gmt":"2023-03-02T19:52:29","slug":"facultad-de-cs-juridicas-y-sociales-da-la-bienvenida-a-mas-de-200-nuevos-estudiantes","status":"publish","type":"post","link":"https:\/\/www.administracionpublica.utalca.cl\/?p=712","title":{"rendered":"Facultad de Cs. Jur\u00eddicas y Sociales da la bienvenida a m\u00e1s de 200 nuevos estudiantes"},"content":{"rendered":"<p>La Facultad de Ciencias Jur\u00eddicas y Sociales de la Universidad de Talca recibi\u00f3 a m\u00e1s de 200 nuevos estudiantes de primer a\u00f1o que ingresar\u00e1n a las carreras de Administraci\u00f3n P\u00fablica, y Derecho campus Santiago y Talca.<\/p>\n<p>Poco despu\u00e9s de las nueve de la ma\u00f1ana del mi\u00e9rcoles 1 de marzo, llegaron hasta el frontis de la facultad los y las estudiantes de la carrera de Derecho en Talca. Entre ellos estaba Fernanda Mardones, quien nos se\u00f1al\u00f3 que le cost\u00f3 tomar su decisi\u00f3n pero que luego de analizar m\u00e1s de diez opciones finalmente se qued\u00f3 con Derecho. Francisca Pe\u00f1a en tanto, indic\u00f3 que anteriormente estudi\u00f3 dos a\u00f1os ingenier\u00eda, pero que termin\u00f3 por inclinarse por una carrera m\u00e1s humanista.<\/p>\n<p><img loading=\"lazy\" class=\"wp-image-713 aligncenter\" src=\"https:\/\/www.administracionpublica.utalca.cl\/wp-content\/uploads\/2023\/03\/IMG_0569-300x200.jpg\" alt=\"\" width=\"560\" height=\"373\" srcset=\"https:\/\/www.administracionpublica.utalca.cl\/wp-content\/uploads\/2023\/03\/IMG_0569-300x200.jpg 300w, https:\/\/www.administracionpublica.utalca.cl\/wp-content\/uploads\/2023\/03\/IMG_0569-1024x683.jpg 1024w, https:\/\/www.administracionpublica.utalca.cl\/wp-content\/uploads\/2023\/03\/IMG_0569-768x512.jpg 768w, https:\/\/www.administracionpublica.utalca.cl\/wp-content\/uploads\/2023\/03\/IMG_0569-1536x1024.jpg 1536w, https:\/\/www.administracionpublica.utalca.cl\/wp-content\/uploads\/2023\/03\/IMG_0569-2048x1365.jpg 2048w\" sizes=\"(max-width: 560px) 100vw, 560px\" \/><\/p>\n<p>En el lugar tambi\u00e9n estaban Mateo Llancabure y Benjam\u00edn Mart\u00ednez, quienes coincidieron en que la Universidad de Talca fue siempre su primera opci\u00f3n. El primero de los estudiantes mencionados expres\u00f3 que piensa que ser\u00e1 \u201cuna carrera dif\u00edcil, pero hay que dar el mejor esfuerzo para salir adelante\u201d. El segundo de los alumnos consultados por su parte, se\u00f1al\u00f3 que \u201ctoda carrera tiene su dificultad, lo importante es llevarla de la mejor manera, tenemos que aprender a quererla\u201d.<\/p>\n<p>Fabiola Vergara, Directora de la Carrera de Derecho en Talca, manifest\u00f3 que \u201clas expectativas al recibir nuevos estudiantes siempre son altas, la idea es entregarles formaci\u00f3n de calidad, entusiasmarlos, enamorarlos con la carrera, tenemos un plan de informaci\u00f3n actualizado, tenemos un muy buen cuerpo de profesores. Ellos son las nuevas generaciones, tienen una visi\u00f3n de mundo distinta, tienen otras inquietudes, con muchas demandas, entonces lo que queremos hacer es responder a esas expectativas con una formaci\u00f3n de calidad\u201d.<\/p>\n<p>En Administraci\u00f3n P\u00fablica en tanto, dos nuevos estudiantes quisieron dar sus impresiones respecto a su ingreso a la carrera. Jacinta S\u00e1nchez, dijo que ten\u00eda clara su decisi\u00f3n: \u201csiempre me ha gustado la idea de hacer de Chile un pa\u00eds mejor, siempre he estado orientada al \u00e1rea pol\u00edtica y p\u00fablica, he investigado de la carrera y me llama bastante la atenci\u00f3n\u201d. Por otro lado, Mart\u00edn Mellado, indic\u00f3 lo siguiente: \u201cestoy motivado, estuve confundido en un momento, pero ahora estoy contento. Es la carrera que m\u00e1s se acerca a lo que me gustar\u00eda hacer m\u00e1s adelante, creo tener la vocaci\u00f3n de servicio p\u00fablico\u201d.<\/p>\n<p><img loading=\"lazy\" class=\" wp-image-714 aligncenter\" src=\"https:\/\/www.administracionpublica.utalca.cl\/wp-content\/uploads\/2023\/03\/IMG_0687-300x200.jpg\" alt=\"\" width=\"541\" height=\"360\" srcset=\"https:\/\/www.administracionpublica.utalca.cl\/wp-content\/uploads\/2023\/03\/IMG_0687-300x200.jpg 300w, https:\/\/www.administracionpublica.utalca.cl\/wp-content\/uploads\/2023\/03\/IMG_0687-1024x683.jpg 1024w, https:\/\/www.administracionpublica.utalca.cl\/wp-content\/uploads\/2023\/03\/IMG_0687-768x512.jpg 768w, https:\/\/www.administracionpublica.utalca.cl\/wp-content\/uploads\/2023\/03\/IMG_0687-1536x1024.jpg 1536w, https:\/\/www.administracionpublica.utalca.cl\/wp-content\/uploads\/2023\/03\/IMG_0687-2048x1365.jpg 2048w\" sizes=\"(max-width: 541px) 100vw, 541px\" \/><\/p>\n<p>El Director de la escuela de Ciencias Pol\u00edticas y Administraci\u00f3n P\u00fablica, Fernando Soto Ram\u00edrez, aprovech\u00f3 de expresar que est\u00e1n \u201cmuy felices de recibir a esta sexta generaci\u00f3n de estudiantes de la escuela, que es la m\u00e1s numerosa desde que abrimos las puertas en el a\u00f1o 2018, creemos que este aumento se debe a c\u00f3mo se ha dado a conocer la escuela a nivel regional, instancia en que ha demostrado tener mucho campo y maneras de emprender\u201d.<\/p>\n<p>Finalmente, Soledad Jofr\u00e9, Directora de la escuela de Derecho de Santiago manifest\u00f3 lo siguiente: \u201cLes deseamos a los nuevos estudiantes el mayor de los \u00e9xitos en esta nueva etapa de su vida, queremos que vivan el sentimiento de pertenencia con la escuela, queremos que disfruten y que le saquen el mayor provecho al estudiar en la Universidad de Talca\u201d.<\/p>\n","protected":false},"excerpt":{"rendered":"<p>La Facultad de Ciencias Jur\u00eddicas y Sociales de la Universidad de Talca recibi\u00f3 a m\u00e1s de 200 nuevos estudiantes de primer a\u00f1o que ingresar\u00e1n a las carreras de Administraci\u00f3n P\u00fablica, y Derecho campus Santiago y Talca. Poco despu\u00e9s de las nueve de la ma\u00f1ana del mi\u00e9rcoles 1 de marzo, llegaron hasta el frontis de la [&hellip;]<\/p>\n","protected":false},"author":2,"featured_media":715,"comment_status":"open","ping_status":"open","sticky":false,"template":"","format":"standard","meta":[],"categories":[4],"tags":[],"_links":{"self":[{"href":"https:\/\/www.administracionpublica.utalca.cl\/index.php?rest_route=\/wp\/v2\/posts\/712"}],"collection":[{"href":"https:\/\/www.administracionpublica.utalca.cl\/index.php?rest_route=\/wp\/v2\/posts"}],"about":[{"href":"https:\/\/www.administracionpublica.utalca.cl\/index.php?rest_route=\/wp\/v2\/types\/post"}],"author":[{"embeddable":true,"href":"https:\/\/www.administracionpublica.utalca.cl\/index.php?rest_route=\/wp\/v2\/users\/2"}],"replies":[{"embeddable":true,"href":"https:\/\/www.administracionpublica.utalca.cl\/index.php?rest_route=%2Fwp%2Fv2%2Fcomments&post=712"}],"version-history":[{"count":1,"href":"https:\/\/www.administracionpublica.utalca.cl\/index.php?rest_route=\/wp\/v2\/posts\/712\/revisions"}],"predecessor-version":[{"id":716,"href":"https:\/\/www.administracionpublica.utalca.cl\/index.php?rest_route=\/wp\/v2\/posts\/712\/revisions\/716"}],"wp:featuredmedia":[{"embeddable":true,"href":"https:\/\/www.administracionpublica.utalca.cl\/index.php?rest_route=\/wp\/v2\/media\/715"}],"wp:attachment":[{"href":"https:\/\/www.administracionpublica.utalca.cl\/index.php?rest_route=%2Fwp%2Fv2%2Fmedia&parent=712"}],"wp:term":[{"taxonomy":"category","embeddable":true,"href":"https:\/\/www.administracionpublica.utalca.cl\/index.php?rest_route=%2Fwp%2Fv2%2Fcategories&post=712"},{"taxonomy":"post_tag","embeddable":true,"href":"https:\/\/www.administracionpublica.utalca.cl\/index.php?rest_route=%2Fwp%2Fv2%2Ftags&post=712"}],"curies":[{"name":"wp","href":"https:\/\/api.w.org\/{rel}","templated":true}]}}