{"id":753,"date":"2023-03-17T18:12:55","date_gmt":"2023-03-17T18:12:55","guid":{"rendered":"http:\/\/www.administracionpublica.utalca.cl\/?p=753"},"modified":"2023-03-17T18:12:55","modified_gmt":"2023-03-17T18:12:55","slug":"academico-de-la-facultad-expuso-respecto-a-trabajo-de-los-territorios-bioculturales-ante-equipo-de-la-fundacion-para-la-superacion-de-la-pobreza","status":"publish","type":"post","link":"https:\/\/www.administracionpublica.utalca.cl\/?p=753","title":{"rendered":"Acad\u00e9mico de la facultad expuso respecto a trabajo de los territorios bioculturales ante equipo de la Fundaci\u00f3n para la Superaci\u00f3n de la Pobreza"},"content":{"rendered":"<p>El Dr. Osvaldo Henr\u00edquez, docente de la escuela de Ciencia Pol\u00edtica y Administraci\u00f3n P\u00fablica de la Facultad de Ciencias Jur\u00eddicas y Sociales de la Universidad de Talca, fue invitado por la Fundaci\u00f3n para la Superaci\u00f3n de la Pobreza a participar en la jornada de reflexi\u00f3n sobre los procesos de planificaci\u00f3n p\u00fablica y territorial, el marco del trabajo de los territorios bioculturales. En dicha instancia expuso respecto al marco regulatorio y las dificultades en sus procesos de implementaci\u00f3n as\u00ed mismo integr\u00f3 en dicha exposici\u00f3n cambios relevantes en el sistema de inversi\u00f3n p\u00fablica.<\/p>\n","protected":false},"excerpt":{"rendered":"<p>El Dr. Osvaldo Henr\u00edquez, docente de la escuela de Ciencia Pol\u00edtica y Administraci\u00f3n P\u00fablica de la Facultad de Ciencias Jur\u00eddicas y Sociales de la Universidad de Talca, fue invitado por la Fundaci\u00f3n para la Superaci\u00f3n de la Pobreza a participar en la jornada de reflexi\u00f3n sobre los procesos de planificaci\u00f3n p\u00fablica y territorial, el marco [&hellip;]<\/p>\n","protected":false},"author":2,"featured_media":754,"comment_status":"open","ping_status":"open","sticky":false,"template":"","format":"standard","meta":[],"categories":[4],"tags":[],"_links":{"self":[{"href":"https:\/\/www.administracionpublica.utalca.cl\/index.php?rest_route=\/wp\/v2\/posts\/753"}],"collection":[{"href":"https:\/\/www.administracionpublica.utalca.cl\/index.php?rest_route=\/wp\/v2\/posts"}],"about":[{"href":"https:\/\/www.administracionpublica.utalca.cl\/index.php?rest_route=\/wp\/v2\/types\/post"}],"author":[{"embeddable":true,"href":"https:\/\/www.administracionpublica.utalca.cl\/index.php?rest_route=\/wp\/v2\/users\/2"}],"replies":[{"embeddable":true,"href":"https:\/\/www.administracionpublica.utalca.cl\/index.php?rest_route=%2Fwp%2Fv2%2Fcomments&post=753"}],"version-history":[{"count":1,"href":"https:\/\/www.administracionpublica.utalca.cl\/index.php?rest_route=\/wp\/v2\/posts\/753\/revisions"}],"predecessor-version":[{"id":755,"href":"https:\/\/www.administracionpublica.utalca.cl\/index.php?rest_route=\/wp\/v2\/posts\/753\/revisions\/755"}],"wp:featuredmedia":[{"embeddable":true,"href":"https:\/\/www.administracionpublica.utalca.cl\/index.php?rest_route=\/wp\/v2\/media\/754"}],"wp:attachment":[{"href":"https:\/\/www.administracionpublica.utalca.cl\/index.php?rest_route=%2Fwp%2Fv2%2Fmedia&parent=753"}],"wp:term":[{"taxonomy":"category","embeddable":true,"href":"https:\/\/www.administracionpublica.utalca.cl\/index.php?rest_route=%2Fwp%2Fv2%2Fcategories&post=753"},{"taxonomy":"post_tag","embeddable":true,"href":"https:\/\/www.administracionpublica.utalca.cl\/index.php?rest_route=%2Fwp%2Fv2%2Ftags&post=753"}],"curies":[{"name":"wp","href":"https:\/\/api.w.org\/{rel}","templated":true}]}}