{"id":772,"date":"2023-03-30T00:16:42","date_gmt":"2023-03-30T00:16:42","guid":{"rendered":"http:\/\/www.administracionpublica.utalca.cl\/?p=772"},"modified":"2023-03-30T00:16:42","modified_gmt":"2023-03-30T00:16:42","slug":"academico-de-la-facultad-de-cs-juridicas-y-sociales-es-nombrado-director-de-la-junta-directiva-de-la-utalca","status":"publish","type":"post","link":"https:\/\/www.administracionpublica.utalca.cl\/?p=772","title":{"rendered":"Acad\u00e9mico de la Facultad de Cs. Jur\u00eddicas y Sociales es nombrado Director de la Junta Directiva de la UTalca"},"content":{"rendered":"<p>Rodrigo Palomo, acad\u00e9mico de la Facultad de Ciencias Jur\u00eddicas y Sociales de la Universidad de Talca, fue nombrado por el Consejo Acad\u00e9mico como Director de la Junta Directiva, m\u00e1ximo \u00f3rgano colegiado de la Universidad de Talca.<\/p>\n<p>El profesor Palomo expres\u00f3 que espera \u201cestar a la altura de lo que significa una responsabilidad como la que se me ha confiado, sobre todo en tiempos particularmente desafiantes para las universidades, especialmente para las universidades p\u00fablicas\u201d. <\/p>\n<p>Agreg\u00f3 que se trata de \u201cun nuevo desaf\u00edo en mi trayectoria acad\u00e9mica dentro de la Universidad de Talca, casa de estudio en la que me form\u00e9 y en la que he desempe\u00f1ado buena parte de mi vida laboral, por lo tanto espero aportar desde ese conocimiento y ese cari\u00f1o a la instituci\u00f3n\u201d. <\/p>\n<p>Cabe se\u00f1alar que el profesor es Licenciado en Ciencias Jur\u00eddicas de la Universidad de Talca, Abogado, Doctor en Derecho del Trabajo y de la Seguridad Social de la Universidad de Valencia, Espa\u00f1a. Ex Secretario General de Universidad de Talca durante 2018 y 2019, y Decano de la Facultad de Ciencias Jur\u00eddicas y Sociales de Universidad de Talca entre los a\u00f1os 2020 y abril de 2023.<\/p>\n<p>El mayor de los \u00e9xitos para nuestro acad\u00e9mico en este nuevo desaf\u00edo, que se extender\u00e1 hasta abril de 2026.<\/p>\n","protected":false},"excerpt":{"rendered":"<p>Rodrigo Palomo, acad\u00e9mico de la Facultad de Ciencias Jur\u00eddicas y Sociales de la Universidad de Talca, fue nombrado por el Consejo Acad\u00e9mico como Director de la Junta Directiva, m\u00e1ximo \u00f3rgano colegiado de la Universidad de Talca. El profesor Palomo expres\u00f3 que espera \u201cestar a la altura de lo que significa una responsabilidad como la que [&hellip;]<\/p>\n","protected":false},"author":2,"featured_media":773,"comment_status":"open","ping_status":"open","sticky":false,"template":"","format":"standard","meta":[],"categories":[1],"tags":[],"_links":{"self":[{"href":"https:\/\/www.administracionpublica.utalca.cl\/index.php?rest_route=\/wp\/v2\/posts\/772"}],"collection":[{"href":"https:\/\/www.administracionpublica.utalca.cl\/index.php?rest_route=\/wp\/v2\/posts"}],"about":[{"href":"https:\/\/www.administracionpublica.utalca.cl\/index.php?rest_route=\/wp\/v2\/types\/post"}],"author":[{"embeddable":true,"href":"https:\/\/www.administracionpublica.utalca.cl\/index.php?rest_route=\/wp\/v2\/users\/2"}],"replies":[{"embeddable":true,"href":"https:\/\/www.administracionpublica.utalca.cl\/index.php?rest_route=%2Fwp%2Fv2%2Fcomments&post=772"}],"version-history":[{"count":1,"href":"https:\/\/www.administracionpublica.utalca.cl\/index.php?rest_route=\/wp\/v2\/posts\/772\/revisions"}],"predecessor-version":[{"id":774,"href":"https:\/\/www.administracionpublica.utalca.cl\/index.php?rest_route=\/wp\/v2\/posts\/772\/revisions\/774"}],"wp:featuredmedia":[{"embeddable":true,"href":"https:\/\/www.administracionpublica.utalca.cl\/index.php?rest_route=\/wp\/v2\/media\/773"}],"wp:attachment":[{"href":"https:\/\/www.administracionpublica.utalca.cl\/index.php?rest_route=%2Fwp%2Fv2%2Fmedia&parent=772"}],"wp:term":[{"taxonomy":"category","embeddable":true,"href":"https:\/\/www.administracionpublica.utalca.cl\/index.php?rest_route=%2Fwp%2Fv2%2Fcategories&post=772"},{"taxonomy":"post_tag","embeddable":true,"href":"https:\/\/www.administracionpublica.utalca.cl\/index.php?rest_route=%2Fwp%2Fv2%2Ftags&post=772"}],"curies":[{"name":"wp","href":"https:\/\/api.w.org\/{rel}","templated":true}]}}