{"id":794,"date":"2023-03-30T20:04:03","date_gmt":"2023-03-30T20:04:03","guid":{"rendered":"http:\/\/www.administracionpublica.utalca.cl\/?p=794"},"modified":"2023-03-31T15:18:44","modified_gmt":"2023-03-31T15:18:44","slug":"mas-de-50-funcionarios-municipales-del-maule-participaron-en-jornada-de-capacitacion-organizada-por-consejo-para-la-transparencia-subdere-y-adm-publica","status":"publish","type":"post","link":"https:\/\/www.administracionpublica.utalca.cl\/?p=794","title":{"rendered":"M\u00e1s de 40 funcionarios municipales del Maule participaron en jornada de capacitaci\u00f3n organizada por Consejo para la Transparencia, SUBDERE y Adm. P\u00fablica"},"content":{"rendered":"<p>El Consejo para la Transparencia junto a la Subsecretar\u00eda de Desarrollo Regional (SUBDERE), organizaron una jornada de capacitaci\u00f3n que reuni\u00f3 a m\u00e1s de 40 funcionarios municipales del Maule en el auditorio Mac Iver de la Facultad de Ciencias Jur\u00eddicas y Sociales. Esto, gracias a un convenio que la carrera de Administraci\u00f3n P\u00fablica tiene con el servicio p\u00fablico encargado de promover la transparencia de la funci\u00f3n p\u00fablica. <\/p>\n<p>En dicha instancia, Christian Anker, director de fiscalizaci\u00f3n y promoci\u00f3n del Consejo para la Transparencia, se\u00f1al\u00f3 que \u201cse trata de una actividad que se est\u00e1 haciendo en varias regiones del pa\u00eds en donde se convocan a enlaces de transparencia, es decir, personas que al interior de los municipios coordinan y gestionan la transparencia municipal, y con ellos se  fortalecen pr\u00e1cticas, sistemas de gesti\u00f3n y normativas\u201d. <\/p>\n<p>Agreg\u00f3 que tienen \u201cdistintos convenios con universidades del pa\u00eds y en la Universidad de Talca en particular hemos realizado bastantes cosas, especialmente con la carrera de Administraci\u00f3n P\u00fablica, lo que nos ha ayudado a difundir la Ley de Transparencia entre los estudiantes, la comunidad y funcionarios, hecho que favorece la difusi\u00f3n y promoci\u00f3n del derecho al acceso a la informaci\u00f3n p\u00fablica\u201d. <\/p>\n<p>Fernando Soto, director de la escuela de Ciencias Pol\u00edticas y Administraci\u00f3n P\u00fablica, detall\u00f3 que \u201cen el a\u00f1o 2018 la carrera se suscribi\u00f3 a un convenio con el Consejo para la Transparencia, en virtud de lo cual, se fueron desarrollando acciones colaborativas, y eso se tradujo en varias cosas: se instal\u00f3 el observatorio para la transparencia, en 2021 hicimos un curso de formaci\u00f3n para nuestros estudiantes que fue certificado por la entonces presidenta del consejo y hemos hecho un trabajo en conjunto para facilitar salas y seguir capacitando a funcionarios municipales y a nuestros estudiantes\u201d. <\/p>\n<p>Finalmente, Pamela Fuentes Sandoval, encargada del \u00e1rea de transparencia de finanzas en la Ilustre Municipalidad de Talca y quien particip\u00f3 de la instancia expres\u00f3 que le \u201cparecen excelente estas jornadas de capacitaci\u00f3n, as\u00ed nos vamos actualizando y compartiendo experiencias entre otros municipios junto al Consejo de la Transparencia. Yo plante\u00e9 en la capacitaci\u00f3n algo que me produce inquietud y que dice relaci\u00f3n con un hecho que ocurre con la transparencia de datos de por ejemplo, Servel. En ese sistema se suele ingresar el rut y aparece la direcci\u00f3n de cada persona, eso es un dato sensible y que merece ser analizado\u201d, concluy\u00f3.<\/p>\n","protected":false},"excerpt":{"rendered":"<p>El Consejo para la Transparencia junto a la Subsecretar\u00eda de Desarrollo Regional (SUBDERE), organizaron una jornada de capacitaci\u00f3n que reuni\u00f3 a m\u00e1s de 40 funcionarios municipales del Maule en el auditorio Mac Iver de la Facultad de Ciencias Jur\u00eddicas y Sociales. Esto, gracias a un convenio que la carrera de Administraci\u00f3n P\u00fablica tiene con el [&hellip;]<\/p>\n","protected":false},"author":2,"featured_media":795,"comment_status":"open","ping_status":"open","sticky":false,"template":"","format":"standard","meta":[],"categories":[4],"tags":[],"_links":{"self":[{"href":"https:\/\/www.administracionpublica.utalca.cl\/index.php?rest_route=\/wp\/v2\/posts\/794"}],"collection":[{"href":"https:\/\/www.administracionpublica.utalca.cl\/index.php?rest_route=\/wp\/v2\/posts"}],"about":[{"href":"https:\/\/www.administracionpublica.utalca.cl\/index.php?rest_route=\/wp\/v2\/types\/post"}],"author":[{"embeddable":true,"href":"https:\/\/www.administracionpublica.utalca.cl\/index.php?rest_route=\/wp\/v2\/users\/2"}],"replies":[{"embeddable":true,"href":"https:\/\/www.administracionpublica.utalca.cl\/index.php?rest_route=%2Fwp%2Fv2%2Fcomments&post=794"}],"version-history":[{"count":4,"href":"https:\/\/www.administracionpublica.utalca.cl\/index.php?rest_route=\/wp\/v2\/posts\/794\/revisions"}],"predecessor-version":[{"id":814,"href":"https:\/\/www.administracionpublica.utalca.cl\/index.php?rest_route=\/wp\/v2\/posts\/794\/revisions\/814"}],"wp:featuredmedia":[{"embeddable":true,"href":"https:\/\/www.administracionpublica.utalca.cl\/index.php?rest_route=\/wp\/v2\/media\/795"}],"wp:attachment":[{"href":"https:\/\/www.administracionpublica.utalca.cl\/index.php?rest_route=%2Fwp%2Fv2%2Fmedia&parent=794"}],"wp:term":[{"taxonomy":"category","embeddable":true,"href":"https:\/\/www.administracionpublica.utalca.cl\/index.php?rest_route=%2Fwp%2Fv2%2Fcategories&post=794"},{"taxonomy":"post_tag","embeddable":true,"href":"https:\/\/www.administracionpublica.utalca.cl\/index.php?rest_route=%2Fwp%2Fv2%2Ftags&post=794"}],"curies":[{"name":"wp","href":"https:\/\/api.w.org\/{rel}","templated":true}]}}