{"id":805,"date":"2023-03-30T20:14:28","date_gmt":"2023-03-30T20:14:28","guid":{"rendered":"http:\/\/www.administracionpublica.utalca.cl\/?p=805"},"modified":"2023-03-31T15:14:01","modified_gmt":"2023-03-31T15:14:01","slug":"estudiantes-de-administracion-publica-participaron-de-charla-sobre-la-ley-de-transparencia","status":"publish","type":"post","link":"https:\/\/www.administracionpublica.utalca.cl\/?p=805","title":{"rendered":"Estudiantes de Administraci\u00f3n P\u00fablica participaron de charla sobre la Ley de Transparencia"},"content":{"rendered":"<p>Estudiantes de la carrera de Administraci\u00f3n P\u00fablica de la Facultad de Ciencias Jur\u00eddicas y Sociales de la Universidad de Talca, participaron en una charla sobre la Ley de Transparencia dictada por Juan Pablo Camps, jefe de la Unidad de Promoci\u00f3n y Formaci\u00f3n del Consejo para la Transparencia. <\/p>\n<p>El profesional se\u00f1al\u00f3 que lo que se pretende en la charla es \u201canalizar algunos datos recientes que tienen que ver con percepci\u00f3n de corrupci\u00f3n en Chile, en otros pa\u00edses, y tambi\u00e9n datos que tienen que ver con la confianza que siente la ciudadan\u00eda con el Estado y entre ciudadanos. Adem\u00e1s, observamos la valoraci\u00f3n de la democracia y luego entramos  directamente a lo que tiene que ver con la Ley de Transparencia, los principales componentes de la ley, las causales de reserva de la informaci\u00f3n, y un par de ejemplos que dan cuenta de la utilidad que tiene la ley para abordar problemas ciudadanos\u201d. <\/p>\n<p>Record\u00f3 que como Consejo para la Transparencia cuentan con un convenio \u201ccon la carrera de Administraci\u00f3n P\u00fablica de ac\u00e1 de la Universidad de Talca, y gracias a ellos hemos realizado varias actividades de difusi\u00f3n del derecho de acceso a la informaci\u00f3n p\u00fablica. Hemos participado en jornadas de formaci\u00f3n y la idea es seguir trabajando en esa l\u00ednea de dar a conocer esta herramienta como parte de los procesos de formaci\u00f3n de las futuras y futuros administradores p\u00fablicos\u201d. <\/p>\n<p>Finalmente, Valentina Molina, estudiante de segundo a\u00f1o de la carrera de Administraci\u00f3n P\u00fablica y participante de la charla expres\u00f3 lo siguiente: \u201cme pareci\u00f3 una charla bastante importante, ya que, hablamos de la Ley de Transparencia, era una herramienta que conoc\u00edamos un poco pero no a profundidad. Fue super bien explicada y todos estos conocimientos nos servir\u00e1n para aplicarlos en un futuro\u201d. <\/p>\n","protected":false},"excerpt":{"rendered":"<p>Estudiantes de la carrera de Administraci\u00f3n P\u00fablica de la Facultad de Ciencias Jur\u00eddicas y Sociales de la Universidad de Talca, participaron en una charla sobre la Ley de Transparencia dictada por Juan Pablo Camps, jefe de la Unidad de Promoci\u00f3n y Formaci\u00f3n del Consejo para la Transparencia. El profesional se\u00f1al\u00f3 que lo que se pretende [&hellip;]<\/p>\n","protected":false},"author":2,"featured_media":806,"comment_status":"open","ping_status":"open","sticky":false,"template":"","format":"standard","meta":[],"categories":[4],"tags":[],"_links":{"self":[{"href":"https:\/\/www.administracionpublica.utalca.cl\/index.php?rest_route=\/wp\/v2\/posts\/805"}],"collection":[{"href":"https:\/\/www.administracionpublica.utalca.cl\/index.php?rest_route=\/wp\/v2\/posts"}],"about":[{"href":"https:\/\/www.administracionpublica.utalca.cl\/index.php?rest_route=\/wp\/v2\/types\/post"}],"author":[{"embeddable":true,"href":"https:\/\/www.administracionpublica.utalca.cl\/index.php?rest_route=\/wp\/v2\/users\/2"}],"replies":[{"embeddable":true,"href":"https:\/\/www.administracionpublica.utalca.cl\/index.php?rest_route=%2Fwp%2Fv2%2Fcomments&post=805"}],"version-history":[{"count":3,"href":"https:\/\/www.administracionpublica.utalca.cl\/index.php?rest_route=\/wp\/v2\/posts\/805\/revisions"}],"predecessor-version":[{"id":812,"href":"https:\/\/www.administracionpublica.utalca.cl\/index.php?rest_route=\/wp\/v2\/posts\/805\/revisions\/812"}],"wp:featuredmedia":[{"embeddable":true,"href":"https:\/\/www.administracionpublica.utalca.cl\/index.php?rest_route=\/wp\/v2\/media\/806"}],"wp:attachment":[{"href":"https:\/\/www.administracionpublica.utalca.cl\/index.php?rest_route=%2Fwp%2Fv2%2Fmedia&parent=805"}],"wp:term":[{"taxonomy":"category","embeddable":true,"href":"https:\/\/www.administracionpublica.utalca.cl\/index.php?rest_route=%2Fwp%2Fv2%2Fcategories&post=805"},{"taxonomy":"post_tag","embeddable":true,"href":"https:\/\/www.administracionpublica.utalca.cl\/index.php?rest_route=%2Fwp%2Fv2%2Ftags&post=805"}],"curies":[{"name":"wp","href":"https:\/\/api.w.org\/{rel}","templated":true}]}}