{"id":821,"date":"2023-04-21T20:00:58","date_gmt":"2023-04-21T20:00:58","guid":{"rendered":"http:\/\/www.administracionpublica.utalca.cl\/?p=821"},"modified":"2023-04-21T20:22:31","modified_gmt":"2023-04-21T20:22:31","slug":"director-de-adm-publica-talca-se-reunio-con-representantes-de-injuv-para-potenciar-lazos","status":"publish","type":"post","link":"https:\/\/www.administracionpublica.utalca.cl\/?p=821","title":{"rendered":"Director de Adm. P\u00fablica Talca se reuni\u00f3 con representantes de INJUV para potenciar lazos"},"content":{"rendered":"<p>Con el objetivo de estrechar lazos, Fernando Soto Ram\u00edrez, director de la escuela de Ciencias Pol\u00edticas y Administraci\u00f3n P\u00fablica de la Facultad de Ciencias Jur\u00eddicas y Sociales de la Universidad de Talca, se reuni\u00f3 con la Mar\u00eda Bel\u00e9n Aguilera, directora regional del Instituto Nacional de la Juventud (INJUV) y Natalia Rojas, Coordinadora de Eje C\u00edvico Social de la misma instituci\u00f3n. <\/p>\n<p>En dicho encuentro, los involucrados acordaron desarrollar actividades colaborativas durante el a\u00f1o en materias como investigaci\u00f3n, extensi\u00f3n, vinculaci\u00f3n con el medio y pr\u00e1cticas profesionales para los estudiantes de la carrera.<\/p>\n<p>Al respecto, la directora regional de INJUV, Mar\u00eda Bel\u00e9n Aguilera, se\u00f1al\u00f3 que para ellos es importante abrir espacios a las carreras de distintas universidades, ya que, reconocen \u201cel talento y compromiso de sus estudiantes. Entendemos que la colaboraci\u00f3n que pueda salir de esto ser\u00e1 relevante para la comunidad y para la formaci\u00f3n integral de los alumnos\u00bb.<\/p>\n<p>Fernando Soto Ram\u00edrez, director de Administraci\u00f3n P\u00fablica campus Talca, detall\u00f3 que ellos acordaron iniciar un trabajo \u201cen escuelas respecto a formaci\u00f3n c\u00edvica y ciudadana enfocada en j\u00f3venes de la regi\u00f3n y de esa forma involucrar a estudiantes de nuestra escuela en estos procesos que son tan significativos para la democracia en nuestro pa\u00eds\u201d.<\/p>\n<p>El profesor agreg\u00f3 que les extendieron una invitaci\u00f3n \u201cpara que participen en algunas clases contando su experiencia, ya que, una de ellas es administradora p\u00fablica de profesi\u00f3n y a la directora regional para que nos comente la estructura org\u00e1nica de su servicio y las pol\u00edticas, planes y programas que est\u00e1 ejecutando el INJUV en Chile y en el Maule\u201d.<\/p>\n","protected":false},"excerpt":{"rendered":"<p>Con el objetivo de estrechar lazos, Fernando Soto Ram\u00edrez, director de la escuela de Ciencias Pol\u00edticas y Administraci\u00f3n P\u00fablica de la Facultad de Ciencias Jur\u00eddicas y Sociales de la Universidad de Talca, se reuni\u00f3 con la Mar\u00eda Bel\u00e9n Aguilera, directora regional del Instituto Nacional de la Juventud (INJUV) y Natalia Rojas, Coordinadora de Eje C\u00edvico [&hellip;]<\/p>\n","protected":false},"author":2,"featured_media":822,"comment_status":"open","ping_status":"open","sticky":false,"template":"","format":"standard","meta":[],"categories":[4],"tags":[],"_links":{"self":[{"href":"https:\/\/www.administracionpublica.utalca.cl\/index.php?rest_route=\/wp\/v2\/posts\/821"}],"collection":[{"href":"https:\/\/www.administracionpublica.utalca.cl\/index.php?rest_route=\/wp\/v2\/posts"}],"about":[{"href":"https:\/\/www.administracionpublica.utalca.cl\/index.php?rest_route=\/wp\/v2\/types\/post"}],"author":[{"embeddable":true,"href":"https:\/\/www.administracionpublica.utalca.cl\/index.php?rest_route=\/wp\/v2\/users\/2"}],"replies":[{"embeddable":true,"href":"https:\/\/www.administracionpublica.utalca.cl\/index.php?rest_route=%2Fwp%2Fv2%2Fcomments&post=821"}],"version-history":[{"count":2,"href":"https:\/\/www.administracionpublica.utalca.cl\/index.php?rest_route=\/wp\/v2\/posts\/821\/revisions"}],"predecessor-version":[{"id":824,"href":"https:\/\/www.administracionpublica.utalca.cl\/index.php?rest_route=\/wp\/v2\/posts\/821\/revisions\/824"}],"wp:featuredmedia":[{"embeddable":true,"href":"https:\/\/www.administracionpublica.utalca.cl\/index.php?rest_route=\/wp\/v2\/media\/822"}],"wp:attachment":[{"href":"https:\/\/www.administracionpublica.utalca.cl\/index.php?rest_route=%2Fwp%2Fv2%2Fmedia&parent=821"}],"wp:term":[{"taxonomy":"category","embeddable":true,"href":"https:\/\/www.administracionpublica.utalca.cl\/index.php?rest_route=%2Fwp%2Fv2%2Fcategories&post=821"},{"taxonomy":"post_tag","embeddable":true,"href":"https:\/\/www.administracionpublica.utalca.cl\/index.php?rest_route=%2Fwp%2Fv2%2Ftags&post=821"}],"curies":[{"name":"wp","href":"https:\/\/api.w.org\/{rel}","templated":true}]}}