{"id":829,"date":"2023-04-24T21:24:50","date_gmt":"2023-04-24T21:24:50","guid":{"rendered":"http:\/\/www.administracionpublica.utalca.cl\/?p=829"},"modified":"2023-04-24T21:24:50","modified_gmt":"2023-04-24T21:24:50","slug":"administracion-publica-recibe-visita-de-pares-en-el-marco-de-su-proceso-de-autoevaluacion","status":"publish","type":"post","link":"https:\/\/www.administracionpublica.utalca.cl\/?p=829","title":{"rendered":"Administraci\u00f3n P\u00fablica recibe visita de pares en el marco de su proceso de autoevaluaci\u00f3n"},"content":{"rendered":"<p>La carrera de Administraci\u00f3n P\u00fablica, de la Facultad de Ciencias Jur\u00eddicas y Sociales de la Universidad de Talca, recibi\u00f3 la visita de dos pares evaluadores en medio de su proceso de autoevaluaci\u00f3n. <\/p>\n<p>Se trata de dos profesores, uno de la Universidad de Chile y otro de la Universidad Alberto Hurtado, quienes estuvieron acompa\u00f1ados de Javiera Gonz\u00e1les, coordinadora de procesos de aseguramiento de la calidad de la Fundaci\u00f3n Qualitas que est\u00e1 llevando este proceso de evaluaci\u00f3n externa, espec\u00edficamente, de certificaci\u00f3n de la carrera. <\/p>\n<p>Al respecto, Gonz\u00e1lez insisti\u00f3 en que \u201cno vienen con \u00e1nimos de fiscalizar a nadie, esto no es una acreditaci\u00f3n, sino que simplemente queremos conocer el programa para realizarle las mejores sugerencias posibles y apoyarlos en su mejoramiento continuo\u201d. <\/p>\n<p>El director de la escuela de Ciencias Pol\u00edticas y Administraci\u00f3n P\u00fablica, Campus Talca, Fernando Soto Ramirez en tanto, detall\u00f3 que \u201clas actividades con ellos se extienden hasta el mi\u00e9rcoles, se desarrollar\u00e1n entrevistas con estudiantes, egresados, empleadores, profesores de la escuela tanto en Talca como en Santiago\u201d. <\/p>\n<p>El profesor concluy\u00f3 se\u00f1alando que est\u00e1n \u201cmuy ilusionados en tener un buen desempe\u00f1o, hay mucho compromiso, sabemos que hay un proyecto serio que se ha implementado y que ya culmin\u00f3 con la entrega de los 10 primeros profesionales a nuestra regi\u00f3n y al pa\u00eds\u201d. <\/p>\n","protected":false},"excerpt":{"rendered":"<p>La carrera de Administraci\u00f3n P\u00fablica, de la Facultad de Ciencias Jur\u00eddicas y Sociales de la Universidad de Talca, recibi\u00f3 la visita de dos pares evaluadores en medio de su proceso de autoevaluaci\u00f3n. Se trata de dos profesores, uno de la Universidad de Chile y otro de la Universidad Alberto Hurtado, quienes estuvieron acompa\u00f1ados de Javiera [&hellip;]<\/p>\n","protected":false},"author":2,"featured_media":830,"comment_status":"open","ping_status":"open","sticky":false,"template":"","format":"standard","meta":[],"categories":[4],"tags":[],"_links":{"self":[{"href":"https:\/\/www.administracionpublica.utalca.cl\/index.php?rest_route=\/wp\/v2\/posts\/829"}],"collection":[{"href":"https:\/\/www.administracionpublica.utalca.cl\/index.php?rest_route=\/wp\/v2\/posts"}],"about":[{"href":"https:\/\/www.administracionpublica.utalca.cl\/index.php?rest_route=\/wp\/v2\/types\/post"}],"author":[{"embeddable":true,"href":"https:\/\/www.administracionpublica.utalca.cl\/index.php?rest_route=\/wp\/v2\/users\/2"}],"replies":[{"embeddable":true,"href":"https:\/\/www.administracionpublica.utalca.cl\/index.php?rest_route=%2Fwp%2Fv2%2Fcomments&post=829"}],"version-history":[{"count":1,"href":"https:\/\/www.administracionpublica.utalca.cl\/index.php?rest_route=\/wp\/v2\/posts\/829\/revisions"}],"predecessor-version":[{"id":831,"href":"https:\/\/www.administracionpublica.utalca.cl\/index.php?rest_route=\/wp\/v2\/posts\/829\/revisions\/831"}],"wp:featuredmedia":[{"embeddable":true,"href":"https:\/\/www.administracionpublica.utalca.cl\/index.php?rest_route=\/wp\/v2\/media\/830"}],"wp:attachment":[{"href":"https:\/\/www.administracionpublica.utalca.cl\/index.php?rest_route=%2Fwp%2Fv2%2Fmedia&parent=829"}],"wp:term":[{"taxonomy":"category","embeddable":true,"href":"https:\/\/www.administracionpublica.utalca.cl\/index.php?rest_route=%2Fwp%2Fv2%2Fcategories&post=829"},{"taxonomy":"post_tag","embeddable":true,"href":"https:\/\/www.administracionpublica.utalca.cl\/index.php?rest_route=%2Fwp%2Fv2%2Ftags&post=829"}],"curies":[{"name":"wp","href":"https:\/\/api.w.org\/{rel}","templated":true}]}}