{"id":835,"date":"2023-04-25T20:20:16","date_gmt":"2023-04-25T20:20:16","guid":{"rendered":"http:\/\/www.administracionpublica.utalca.cl\/?p=835"},"modified":"2023-04-25T20:20:16","modified_gmt":"2023-04-25T20:20:16","slug":"ivan-obando-camino-asume-como-nuevo-decano-de-la-facultad-de-cs-juridicas-y-sociales","status":"publish","type":"post","link":"https:\/\/www.administracionpublica.utalca.cl\/?p=835","title":{"rendered":"Iv\u00e1n Obando Camino asume como nuevo Decano de la Facultad de Cs. Jur\u00eddicas y Sociales"},"content":{"rendered":"<p>Realizar una gesti\u00f3n participativa, inclusiva, responsable, eficiente y eficaz son algunos de los deseos que tiene Iv\u00e1n Obando Camino, nuevo Decano de la Facultad de Ciencias Jur\u00eddicas y Sociales de la Universidad de Talca. <\/p>\n<p>El Doctor en Ciencia Pol\u00edtica, insisti\u00f3 en que su meta es \u201cpotenciar, optimizar y fortalecer la docencia, investigaci\u00f3n, educaci\u00f3n continua, vinculaci\u00f3n con el medio y gesti\u00f3n que se realiza al interior de la facultad, aunando esfuerzos, acercando intereses diversos y comprometiendo a todas y todos en un proyecto colectivo que responde a los valores inscritos en la misi\u00f3n de esta y de la universidad\u201d.   <\/p>\n<p>Finalmente el profesor se\u00f1al\u00f3 que espera \u201cque todas y todos se sientan convocados a participar y contribuir a este proyecto colectivo, basados en que nuestra singularidad, diversidad y pluralidad constituye un signo de fortaleza y unidad institucional\u201d.<\/p>\n","protected":false},"excerpt":{"rendered":"<p>Realizar una gesti\u00f3n participativa, inclusiva, responsable, eficiente y eficaz son algunos de los deseos que tiene Iv\u00e1n Obando Camino, nuevo Decano de la Facultad de Ciencias Jur\u00eddicas y Sociales de la Universidad de Talca. El Doctor en Ciencia Pol\u00edtica, insisti\u00f3 en que su meta es \u201cpotenciar, optimizar y fortalecer la docencia, investigaci\u00f3n, educaci\u00f3n continua, vinculaci\u00f3n [&hellip;]<\/p>\n","protected":false},"author":2,"featured_media":836,"comment_status":"open","ping_status":"open","sticky":false,"template":"","format":"standard","meta":[],"categories":[4],"tags":[],"_links":{"self":[{"href":"https:\/\/www.administracionpublica.utalca.cl\/index.php?rest_route=\/wp\/v2\/posts\/835"}],"collection":[{"href":"https:\/\/www.administracionpublica.utalca.cl\/index.php?rest_route=\/wp\/v2\/posts"}],"about":[{"href":"https:\/\/www.administracionpublica.utalca.cl\/index.php?rest_route=\/wp\/v2\/types\/post"}],"author":[{"embeddable":true,"href":"https:\/\/www.administracionpublica.utalca.cl\/index.php?rest_route=\/wp\/v2\/users\/2"}],"replies":[{"embeddable":true,"href":"https:\/\/www.administracionpublica.utalca.cl\/index.php?rest_route=%2Fwp%2Fv2%2Fcomments&post=835"}],"version-history":[{"count":1,"href":"https:\/\/www.administracionpublica.utalca.cl\/index.php?rest_route=\/wp\/v2\/posts\/835\/revisions"}],"predecessor-version":[{"id":837,"href":"https:\/\/www.administracionpublica.utalca.cl\/index.php?rest_route=\/wp\/v2\/posts\/835\/revisions\/837"}],"wp:featuredmedia":[{"embeddable":true,"href":"https:\/\/www.administracionpublica.utalca.cl\/index.php?rest_route=\/wp\/v2\/media\/836"}],"wp:attachment":[{"href":"https:\/\/www.administracionpublica.utalca.cl\/index.php?rest_route=%2Fwp%2Fv2%2Fmedia&parent=835"}],"wp:term":[{"taxonomy":"category","embeddable":true,"href":"https:\/\/www.administracionpublica.utalca.cl\/index.php?rest_route=%2Fwp%2Fv2%2Fcategories&post=835"},{"taxonomy":"post_tag","embeddable":true,"href":"https:\/\/www.administracionpublica.utalca.cl\/index.php?rest_route=%2Fwp%2Fv2%2Ftags&post=835"}],"curies":[{"name":"wp","href":"https:\/\/api.w.org\/{rel}","templated":true}]}}